{"id":89667,"date":"2023-09-06T21:56:01","date_gmt":"2023-09-06T21:56:01","guid":{"rendered":"http:\/\/mppee.gob.ve\/?p=89667"},"modified":"2023-09-06T21:56:02","modified_gmt":"2023-09-06T21:56:02","slug":"establecen-planes-de-accion-para-fortalecer-los-servicios-de-agua-y-electricidad-en-el-pais","status":"publish","type":"post","link":"https:\/\/mppee.gob.ve\/?p=89667","title":{"rendered":"Establecen planes de acci\u00f3n para fortalecer los servicios de agua y electricidad en el pa\u00eds"},"content":{"rendered":"<p><img loading=\"lazy\" decoding=\"async\" class=\"wp-image-89669 alignleft\" src=\"http:\/\/mppee.gob.ve\/wp-content\/uploads\/2023\/09\/Establecen-planes-de-accion-para-fortalecer-los-servicios-de-agua-y-electricidad-en-el-pais-7.jpg\" alt=\"\" width=\"300\" height=\"200\" \/>El vicepresidente Sectorial de Obras P\u00fablicas y Servicios, G\/J N\u00e9stor Reverol, sostuvo este martes un encuentro con el ministro del Poder Popular para la Atenci\u00f3n de las Aguas, Rodolfo Marco Torres, los Gerentes Territoriales del Sistema El\u00e9ctrico Nacional (SEN) y representantes de las hidrol\u00f3gicas del pa\u00eds, con el fin de establecer acciones inmediatas en la optimizaci\u00f3n de estos servicios esenciales del pueblo venezolano.<\/p>\n<p>En la reuni\u00f3n, realizada en Caracas, Reverol instruy\u00f3 a ambos equipos fortalecer el binomio agua-electricidad, realizar un diagn\u00f3stico profundo y priorizar aquellos proyectos que garanticen el servicio a las comunidades.<\/p>\n<p><em><strong><img loading=\"lazy\" decoding=\"async\" class=\"wp-image-89668 alignright\" src=\"http:\/\/mppee.gob.ve\/wp-content\/uploads\/2023\/09\/Establecen-planes-de-accion-para-fortalecer-los-servicios-de-agua-y-electricidad-en-el-pais-4.jpg\" alt=\"\" width=\"300\" height=\"200\" \/>Entre los planes a reforzar se encuentran:<\/strong><\/em><br \/>\n*Rehabilitaci\u00f3n de pozos profundos<br \/>\n*Distribuci\u00f3n de agua por cisternas<br \/>\n*Supervisi\u00f3n para evitar tomas ilegales<br \/>\n*Incrementar el monitoreo de los embalses<br \/>\n*Plan de recaudaci\u00f3n con instalaci\u00f3n de medidores de agua, especialmente en el \u00e1rea comercial.<\/p>\n<p><strong>\u00abNuestra prioridad es garantizar los servicios p\u00fablicos a nuestro pueblo\u00bb<\/strong>, concluy\u00f3 Reverol.<\/p>\n<p><strong>Prensa Vsops<\/strong><\/p>\n","protected":false},"excerpt":{"rendered":"<p>El vicepresidente Sectorial de Obras P\u00fablicas y Servicios, G\/J N\u00e9stor Reverol, sostuvo este martes un encuentro con el ministro del<\/p>\n","protected":false},"author":12,"featured_media":89670,"comment_status":"closed","ping_status":"closed","sticky":false,"template":"","format":"standard","meta":{"footnotes":""},"categories":[15],"tags":[111,11,327],"class_list":["post-89667","post","type-post","status-publish","format-standard","has-post-thumbnail","hentry","category-nacionales","tag-caracas","tag-mppee","tag-vsops"],"_links":{"self":[{"href":"https:\/\/mppee.gob.ve\/index.php?rest_route=\/wp\/v2\/posts\/89667","targetHints":{"allow":["GET"]}}],"collection":[{"href":"https:\/\/mppee.gob.ve\/index.php?rest_route=\/wp\/v2\/posts"}],"about":[{"href":"https:\/\/mppee.gob.ve\/index.php?rest_route=\/wp\/v2\/types\/post"}],"author":[{"embeddable":true,"href":"https:\/\/mppee.gob.ve\/index.php?rest_route=\/wp\/v2\/users\/12"}],"replies":[{"embeddable":true,"href":"https:\/\/mppee.gob.ve\/index.php?rest_route=%2Fwp%2Fv2%2Fcomments&post=89667"}],"version-history":[{"count":1,"href":"https:\/\/mppee.gob.ve\/index.php?rest_route=\/wp\/v2\/posts\/89667\/revisions"}],"predecessor-version":[{"id":89671,"href":"https:\/\/mppee.gob.ve\/index.php?rest_route=\/wp\/v2\/posts\/89667\/revisions\/89671"}],"wp:featuredmedia":[{"embeddable":true,"href":"https:\/\/mppee.gob.ve\/index.php?rest_route=\/wp\/v2\/media\/89670"}],"wp:attachment":[{"href":"https:\/\/mppee.gob.ve\/index.php?rest_route=%2Fwp%2Fv2%2Fmedia&parent=89667"}],"wp:term":[{"taxonomy":"category","embeddable":true,"href":"https:\/\/mppee.gob.ve\/index.php?rest_route=%2Fwp%2Fv2%2Fcategories&post=89667"},{"taxonomy":"post_tag","embeddable":true,"href":"https:\/\/mppee.gob.ve\/index.php?rest_route=%2Fwp%2Fv2%2Ftags&post=89667"}],"curies":[{"name":"wp","href":"https:\/\/api.w.org\/{rel}","templated":true}]}}