{"id":89692,"date":"2023-09-07T21:50:54","date_gmt":"2023-09-07T21:50:54","guid":{"rendered":"http:\/\/mppee.gob.ve\/?p=89692"},"modified":"2023-09-07T21:50:54","modified_gmt":"2023-09-07T21:50:54","slug":"avanzan-obras-en-el-parque-monumental-ana-maria-campos-de-maracaibo","status":"publish","type":"post","link":"https:\/\/mppee.gob.ve\/?p=89692","title":{"rendered":"Avanzan obras en el Parque Monumental Ana Mar\u00eda Campos de Maracaibo"},"content":{"rendered":"\n<p><strong>Prensa VPSOPS (Zulia, 07\/09\/2023).-<\/strong>&nbsp;El&nbsp;<strong>vicepresidente Sectorial de Obras P\u00fablicas y Servicios, G\/J N\u00e9stor Reverol&nbsp;<\/strong>supervis\u00f3 junto a la&nbsp;<strong>presidenta de la Misi\u00f3n Venezuela Bella, Jacqueline Far\u00edas<\/strong>&nbsp;y la&nbsp;<strong>Ministra para la Educaci\u00f3n Universitaria, Sandra Oblitas<\/strong>, la primera etapa de la construcci\u00f3n del&nbsp;<strong>Parque Monumental Ana Mar\u00eda Campos en la ciudad de Maracaibo.<\/strong><\/p>\n\n\n\n<p>Estos trabajos son promovidos por la&nbsp;<strong>Comisi\u00f3n Presidencial para el Rescate, Conservaci\u00f3n y Desarrollo Sostenible del Lago de Maracaibo<\/strong>, que desarrolla proyectos para el beneficio de la poblaci\u00f3n zuliana.<\/p>\n\n\n<div class=\"wp-block-image\">\n<figure class=\"alignleft\"><img decoding=\"async\" src=\"http:\/\/intranet.mppee.gob.ve\/wordpress\/wp-content\/uploads\/2023\/09\/WhatsApp-Image-2023-09-07-at-3.57.12-PM-300x200.jpeg\" alt=\"\" class=\"wp-image-16476\"\/><\/figure>\n<\/div>\n\n\n<p>Reverol, destac\u00f3 que se inspeccion\u00f3 la primera fase de este reservorio nacional que consta de ocho hect\u00e1reas, cuya entrega est\u00e1 prevista para el 15 de diciembre, por instrucciones del&nbsp;<strong>presidente de la Rep\u00fablica, Nicol\u00e1s Maduro.<\/strong><\/p>\n\n\n\n<p>Recalc\u00f3 que este parque en un principio tendr\u00e1 33 hect\u00e1reas de extensi\u00f3n para el beneficio y disfrute de la poblaci\u00f3n de la zona oeste de la capital marabina, hasta alcanzar las 55 hect\u00e1reas, que se conectar\u00e1n con los&nbsp;<strong>complejos deportivos Jos\u00e9 Encarnaci\u00f3n \u201cPachencho\u201d Romero, Luis Aparicio \u201cEl Grande\u201d y Pedro El\u00edas Belisario Aponte.<\/strong><\/p>\n\n\n\n<p>\u201cEstamos entregando hoy la factibilidad el\u00e9ctrica que nos dan los estudios necesarios para desarrollar todo el sistema el\u00e9ctrico en estas 33 hect\u00e1reas\u201d, asever\u00f3 el tambi\u00e9n Ministro del Poder Popular para la Energ\u00eda El\u00e9ctrica.<\/p>\n\n\n<div class=\"wp-block-image\">\n<figure class=\"alignright\"><img decoding=\"async\" src=\"http:\/\/intranet.mppee.gob.ve\/wordpress\/wp-content\/uploads\/2023\/09\/WhatsApp-Image-2023-09-07-at-3.57.13-PM-2-300x200.jpeg\" alt=\"\" class=\"wp-image-16477\"\/><\/figure>\n<\/div>\n\n\n<p>De igual manera, indic\u00f3 que el futuro&nbsp;<strong>Parque Monumental Ana Mar\u00eda Campos<\/strong>&nbsp;contar\u00e1 con: Circuito integrado de ciclov\u00eda y caminer\u00edas de 1.5km de recorrido; parques para ni\u00f1as y ni\u00f1os con movilidad reducida y otro para patinetas, patines y monopat\u00edn; Anfiteatro con capacidad para 4.000 personas y concha ac\u00fastica para eventos infantiles; canchas multiuso y canchas de arena para juegos de playa.<\/p>\n\n\n\n<p>Por su parte, la&nbsp;<strong>presidenta de la Misi\u00f3n Venezuela Bella, Jacqueline Far\u00edas<\/strong>, destac\u00f3 que los marabinos podr\u00e1n efectuar sus actividades deportivas tanto en el d\u00eda como en horas de la noche, debido a los m\u00faltiples servicios con los que contar\u00e1 el&nbsp;<strong>Parque Monumental Ana Mar\u00eda Campos.<\/strong><\/p>\n\n\n\n<p>Prensa VPSOPS-Maikel Reyes<\/p>\n","protected":false},"excerpt":{"rendered":"<p>Prensa VPSOPS (Zulia, 07\/09\/2023).-&nbsp;El&nbsp;vicepresidente Sectorial de Obras P\u00fablicas y Servicios, G\/J N\u00e9stor Reverol&nbsp;supervis\u00f3 junto a la&nbsp;presidenta de la Misi\u00f3n Venezuela<\/p>\n","protected":false},"author":22,"featured_media":89693,"comment_status":"closed","ping_status":"closed","sticky":false,"template":"","format":"standard","meta":{"footnotes":""},"categories":[30],"tags":[],"class_list":["post-89692","post","type-post","status-publish","format-standard","has-post-thumbnail","hentry","category-regionales"],"_links":{"self":[{"href":"https:\/\/mppee.gob.ve\/index.php?rest_route=\/wp\/v2\/posts\/89692","targetHints":{"allow":["GET"]}}],"collection":[{"href":"https:\/\/mppee.gob.ve\/index.php?rest_route=\/wp\/v2\/posts"}],"about":[{"href":"https:\/\/mppee.gob.ve\/index.php?rest_route=\/wp\/v2\/types\/post"}],"author":[{"embeddable":true,"href":"https:\/\/mppee.gob.ve\/index.php?rest_route=\/wp\/v2\/users\/22"}],"replies":[{"embeddable":true,"href":"https:\/\/mppee.gob.ve\/index.php?rest_route=%2Fwp%2Fv2%2Fcomments&post=89692"}],"version-history":[{"count":1,"href":"https:\/\/mppee.gob.ve\/index.php?rest_route=\/wp\/v2\/posts\/89692\/revisions"}],"predecessor-version":[{"id":89694,"href":"https:\/\/mppee.gob.ve\/index.php?rest_route=\/wp\/v2\/posts\/89692\/revisions\/89694"}],"wp:featuredmedia":[{"embeddable":true,"href":"https:\/\/mppee.gob.ve\/index.php?rest_route=\/wp\/v2\/media\/89693"}],"wp:attachment":[{"href":"https:\/\/mppee.gob.ve\/index.php?rest_route=%2Fwp%2Fv2%2Fmedia&parent=89692"}],"wp:term":[{"taxonomy":"category","embeddable":true,"href":"https:\/\/mppee.gob.ve\/index.php?rest_route=%2Fwp%2Fv2%2Fcategories&post=89692"},{"taxonomy":"post_tag","embeddable":true,"href":"https:\/\/mppee.gob.ve\/index.php?rest_route=%2Fwp%2Fv2%2Ftags&post=89692"}],"curies":[{"name":"wp","href":"https:\/\/api.w.org\/{rel}","templated":true}]}}