{"id":89704,"date":"2023-09-08T23:47:43","date_gmt":"2023-09-08T23:47:43","guid":{"rendered":"http:\/\/mppee.gob.ve\/?p=89704"},"modified":"2023-09-08T23:47:44","modified_gmt":"2023-09-08T23:47:44","slug":"mas-de-2-mil-ninos-y-ninas-disfrutaron-del-plan-vacacional-campamento-aventureros-energicos-2023","status":"publish","type":"post","link":"https:\/\/mppee.gob.ve\/?p=89704","title":{"rendered":"M\u00e1s de 2 mil ni\u00f1os y ni\u00f1as disfrutaron del Plan Vacacional \u201cCampamento Aventureros En\u00e9rgicos 2023\u201d"},"content":{"rendered":"\n<p><strong>Prensa MPPEE- (Caracas, 08-09-2023). \u2013<\/strong>&nbsp;Con la participaci\u00f3n de m\u00e1s de&nbsp;<strong>dos mil hijos e hijas de los trabajadores del sector el\u00e9ctrico<\/strong>&nbsp;culmin\u00f3 el&nbsp;<strong>plan vacacional \u201cCampamento Aventureros En\u00e9rgicos 2023\u201d<\/strong>, donde pudieron disfrutar de m\u00fasica, juegos, competencias con mucha diversi\u00f3n.<\/p>\n\n\n\n<p>La actividad se llev\u00f3 a cabo en las instalaciones del Centro Comercial Sambil La Candelaria, en Caracas y fue organizada por la&nbsp;<strong>Asociaci\u00f3n Civil de los trabajadores del Ministerio del Poder Popular para la Energ\u00eda El\u00e9ctrica (Mppee).<\/strong><\/p>\n\n\n<div class=\"wp-block-image\">\n<figure class=\"alignright\"><img decoding=\"async\" src=\"http:\/\/intranet.mppee.gob.ve\/wordpress\/wp-content\/uploads\/2023\/09\/WhatsApp-Image-2023-09-08-at-7.25.18-PM-300x168.jpeg\" alt=\"\" class=\"wp-image-16500\"\/><\/figure>\n<\/div>\n\n\n<p>El&nbsp;<strong>plan vacacional<\/strong>&nbsp;estuvo organizado en cuatro semanas, en las participaron ni\u00f1os y ni\u00f1as en edades comprendidas entre 5 y 10 a\u00f1os de edad.<\/p>\n\n\n\n<p>Cada semana cont\u00f3 con una tem\u00e1tica diferente:&nbsp;<strong>\u201cSafari; \u201cCirco\u201d, \u201cMilitar\u201d<\/strong>&nbsp;y en esta \u00faltima, dedicada a los&nbsp;<strong>\u201cVideos Juegos\u201d.<\/strong>&nbsp;Tambi\u00e9n pudieron disfrutar y jugar de diferentes espacios tales como las zonas Hawaiana, Circus, Gamer, Zona Nerf, Safari, y los comedores.<\/p>\n\n\n\n<p>Rams\u00e9s Fumero, coordinador y encargado en la parte recreativa de todos los ni\u00f1os, explic\u00f3 que se realizaron competencias y mucha din\u00e1mica, tomando en cuenta el compa\u00f1erismo y los valores. Asegura que fueron semanas muy buenas para los ni\u00f1os<\/p>\n\n\n\n<p>\u201cEstoy muy agradecido por la oportunidad de participar nuevamente en el&nbsp;<strong>plan vacacional<\/strong>&nbsp;en este segundo a\u00f1o, hemos cumplido con todas las expectativas que ten\u00edamos previstas, en un espacio nuevo y diferente\u201d.<\/p>\n\n\n<div class=\"wp-block-image\">\n<figure class=\"alignleft\"><img decoding=\"async\" src=\"http:\/\/intranet.mppee.gob.ve\/wordpress\/wp-content\/uploads\/2023\/09\/WhatsApp-Image-2023-09-08-at-7.21.36-PM-300x200.jpeg\" alt=\"\" class=\"wp-image-16501\"\/><\/figure>\n<\/div>\n\n\n<p>Fumero, felicit\u00f3 a las patrullas y a los recreadores por participar en todas las actividades y en el show de talento. \u201cDe verdad la pasamos incre\u00edble con todos los juegos, todas las animaciones. Son muchachos que tienen mucho talento, hay que aprovechar el \u00e1nimo y energ\u00edas que tienen hacia el mundo\u201d.<\/p>\n\n\n\n<p>Juvenal Plaza, ingeniero en el \u00e1rea de Inform\u00e1tica del Mppee, calific\u00f3 como excelente el&nbsp;<strong>plan vacacional 2023<\/strong>, \u201cestoy muy agradecido y contento con la empresa y la Asociaci\u00f3n de Trabajadores (Asoelec) por esta participaci\u00f3n hacia los ni\u00f1os, que ha sido una experiencia muy bonita porque han disfrutado mucho\u201d.<\/p>\n\n\n\n<p>Por su parte, Yuniesky de Horta, recreadora en el \u00e1rea de la zona Hawaiana se\u00f1al\u00f3 que en esa \u00e1rea los ni\u00f1os se divierten much\u00edsimo jugando con las pelotas y saltando en los trampolines. \u201cHoy culminamos, es la \u00faltima semana de plan, fue muy divertida, espero verlos el a\u00f1o que viene\u201d.<\/p>\n\n\n<div class=\"wp-block-image\">\n<figure class=\"alignright\"><img decoding=\"async\" src=\"http:\/\/intranet.mppee.gob.ve\/wordpress\/wp-content\/uploads\/2023\/09\/WhatsApp-Image-2023-09-08-at-7.25.17-PM-300x214.jpeg\" alt=\"\" class=\"wp-image-16502\"\/><\/figure>\n<\/div>\n\n\n<p>Finalmente, Ashley Soto, perteneciente a la patrulla n\u00famero 4, manifest\u00f3 que este plan vacacional ha sido muy divertido y alegre. \u201cMe gust\u00f3 mucho, hubo muchas actividades. Una de las cosas que m\u00e1s me gusto fue el \u00e1rea de la Zona Nerf, y los colchones inflables. Me encantar\u00eda seguir disfrutando de este plan y quiero decirles a mis compa\u00f1eros que los quiero mucho\u201d.<\/p>\n\n\n\n<p>Prensa MPPEE \u2013 Mar\u00eda Eugenia Delgado<\/p>\n","protected":false},"excerpt":{"rendered":"<p>Prensa MPPEE- (Caracas, 08-09-2023). \u2013&nbsp;Con la participaci\u00f3n de m\u00e1s de&nbsp;dos mil hijos e hijas de los trabajadores del sector el\u00e9ctrico&nbsp;culmin\u00f3<\/p>\n","protected":false},"author":22,"featured_media":89705,"comment_status":"closed","ping_status":"closed","sticky":false,"template":"","format":"standard","meta":{"footnotes":""},"categories":[1],"tags":[],"class_list":["post-89704","post","type-post","status-publish","format-standard","has-post-thumbnail","hentry","category-mppee"],"_links":{"self":[{"href":"https:\/\/mppee.gob.ve\/index.php?rest_route=\/wp\/v2\/posts\/89704","targetHints":{"allow":["GET"]}}],"collection":[{"href":"https:\/\/mppee.gob.ve\/index.php?rest_route=\/wp\/v2\/posts"}],"about":[{"href":"https:\/\/mppee.gob.ve\/index.php?rest_route=\/wp\/v2\/types\/post"}],"author":[{"embeddable":true,"href":"https:\/\/mppee.gob.ve\/index.php?rest_route=\/wp\/v2\/users\/22"}],"replies":[{"embeddable":true,"href":"https:\/\/mppee.gob.ve\/index.php?rest_route=%2Fwp%2Fv2%2Fcomments&post=89704"}],"version-history":[{"count":1,"href":"https:\/\/mppee.gob.ve\/index.php?rest_route=\/wp\/v2\/posts\/89704\/revisions"}],"predecessor-version":[{"id":89706,"href":"https:\/\/mppee.gob.ve\/index.php?rest_route=\/wp\/v2\/posts\/89704\/revisions\/89706"}],"wp:featuredmedia":[{"embeddable":true,"href":"https:\/\/mppee.gob.ve\/index.php?rest_route=\/wp\/v2\/media\/89705"}],"wp:attachment":[{"href":"https:\/\/mppee.gob.ve\/index.php?rest_route=%2Fwp%2Fv2%2Fmedia&parent=89704"}],"wp:term":[{"taxonomy":"category","embeddable":true,"href":"https:\/\/mppee.gob.ve\/index.php?rest_route=%2Fwp%2Fv2%2Fcategories&post=89704"},{"taxonomy":"post_tag","embeddable":true,"href":"https:\/\/mppee.gob.ve\/index.php?rest_route=%2Fwp%2Fv2%2Ftags&post=89704"}],"curies":[{"name":"wp","href":"https:\/\/api.w.org\/{rel}","templated":true}]}}