{"id":89727,"date":"2023-09-15T01:11:13","date_gmt":"2023-09-15T01:11:13","guid":{"rendered":"http:\/\/mppee.gob.ve\/?p=89727"},"modified":"2023-09-15T01:11:13","modified_gmt":"2023-09-15T01:11:13","slug":"rehabilitan-plaza-g-j-rafael-urdaneta-para-el-esparcimiento-y-recreacion-de-los-zulianos","status":"publish","type":"post","link":"https:\/\/mppee.gob.ve\/?p=89727","title":{"rendered":"Rehabilitan Plaza G\/J Rafael Urdaneta para el esparcimiento y recreaci\u00f3n de los zulianos"},"content":{"rendered":"\n<p><strong>Prensa VPSOPS \u2013 (Zulia 14\/09\/2023).-<\/strong>&nbsp;Este jueves, iniciaron los trabajos de rehabilitaci\u00f3n integral de la&nbsp;<strong>Plaza y el Museo G\/J Rafael Urdaneta<\/strong>, ubicado en la avenida Padilla, en Maracaibo, estado&nbsp;<strong>Zulia.<\/strong><\/p>\n\n\n<div class=\"wp-block-image\">\n<figure class=\"alignright\"><img decoding=\"async\" src=\"http:\/\/intranet.mppee.gob.ve\/wordpress\/wp-content\/uploads\/2023\/09\/WhatsApp-Image-2023-09-14-at-8.36.42-PM-2-300x200.jpeg\" alt=\"\" class=\"wp-image-16538\"\/><\/figure>\n<\/div>\n\n\n<p>\u201cSer\u00e1n 31 mil metros cuadrados para el esparcimiento y recreaci\u00f3n de todas las familias zulianas\u201d, indic\u00f3 el&nbsp;<strong>vicepresidente Sectorial de Obras P\u00fablicas y Servicios G\/J N\u00e9stor Reverol<\/strong>, desde la entidad, donde realiz\u00f3 una amplia jornada de trabajo con la&nbsp;<strong>Comisi\u00f3n Presidencial para el Rescate, Conservaci\u00f3n y Desarrollo Sostenible del Lago de Maracaibo.<\/strong><\/p>\n\n\n<div class=\"wp-block-image\">\n<figure class=\"alignleft\"><img decoding=\"async\" src=\"http:\/\/intranet.mppee.gob.ve\/wordpress\/wp-content\/uploads\/2023\/09\/WhatsApp-Image-2023-09-14-at-8.36.45-PM-1-300x169.jpeg\" alt=\"\" class=\"wp-image-16537\"\/><\/figure>\n<\/div>\n\n\n<p>Agreg\u00f3 que este proyecto de remodelaci\u00f3n se est\u00e1 emprendiendo junto a la&nbsp;<strong>Gobernaci\u00f3n del estado Zulia, la Alcald\u00eda de Maracaibo y del Poder Popular.<\/strong><\/p>\n\n\n\n<p>\u201cLa recuperaci\u00f3n de esta \u00e1rea comprende: mantenimiento de las fuentes, restauraci\u00f3n de monumentos, demarcaci\u00f3n e iluminaci\u00f3n, parque biosaludable e infantil\u201d, detall\u00f3 Reverol.<\/p>\n\n\n\n<p>La reinauguraci\u00f3n de estos dos espacios est\u00e1 prevista para el venidero 24 de octubre, cuando se conmemora el 235 aniversario del natalicio de este insigne patriota.<\/p>\n\n\n\n<p>Prensa VPSOPS-Aliarly Carrillo<\/p>\n","protected":false},"excerpt":{"rendered":"<p>Prensa VPSOPS \u2013 (Zulia 14\/09\/2023).-&nbsp;Este jueves, iniciaron los trabajos de rehabilitaci\u00f3n integral de la&nbsp;Plaza y el Museo G\/J Rafael Urdaneta,<\/p>\n","protected":false},"author":22,"featured_media":89728,"comment_status":"closed","ping_status":"closed","sticky":false,"template":"","format":"standard","meta":{"footnotes":""},"categories":[30],"tags":[],"class_list":["post-89727","post","type-post","status-publish","format-standard","has-post-thumbnail","hentry","category-regionales"],"_links":{"self":[{"href":"https:\/\/mppee.gob.ve\/index.php?rest_route=\/wp\/v2\/posts\/89727","targetHints":{"allow":["GET"]}}],"collection":[{"href":"https:\/\/mppee.gob.ve\/index.php?rest_route=\/wp\/v2\/posts"}],"about":[{"href":"https:\/\/mppee.gob.ve\/index.php?rest_route=\/wp\/v2\/types\/post"}],"author":[{"embeddable":true,"href":"https:\/\/mppee.gob.ve\/index.php?rest_route=\/wp\/v2\/users\/22"}],"replies":[{"embeddable":true,"href":"https:\/\/mppee.gob.ve\/index.php?rest_route=%2Fwp%2Fv2%2Fcomments&post=89727"}],"version-history":[{"count":1,"href":"https:\/\/mppee.gob.ve\/index.php?rest_route=\/wp\/v2\/posts\/89727\/revisions"}],"predecessor-version":[{"id":89729,"href":"https:\/\/mppee.gob.ve\/index.php?rest_route=\/wp\/v2\/posts\/89727\/revisions\/89729"}],"wp:featuredmedia":[{"embeddable":true,"href":"https:\/\/mppee.gob.ve\/index.php?rest_route=\/wp\/v2\/media\/89728"}],"wp:attachment":[{"href":"https:\/\/mppee.gob.ve\/index.php?rest_route=%2Fwp%2Fv2%2Fmedia&parent=89727"}],"wp:term":[{"taxonomy":"category","embeddable":true,"href":"https:\/\/mppee.gob.ve\/index.php?rest_route=%2Fwp%2Fv2%2Fcategories&post=89727"},{"taxonomy":"post_tag","embeddable":true,"href":"https:\/\/mppee.gob.ve\/index.php?rest_route=%2Fwp%2Fv2%2Ftags&post=89727"}],"curies":[{"name":"wp","href":"https:\/\/api.w.org\/{rel}","templated":true}]}}