{"id":89739,"date":"2023-09-19T23:39:34","date_gmt":"2023-09-19T23:39:34","guid":{"rendered":"http:\/\/mppee.gob.ve\/?p=89739"},"modified":"2023-09-19T23:39:35","modified_gmt":"2023-09-19T23:39:35","slug":"diccionario-de-comunidades-optimizara-servicios-publicos-en-el-pais","status":"publish","type":"post","link":"https:\/\/mppee.gob.ve\/?p=89739","title":{"rendered":"Diccionario de Comunidades optimizar\u00e1 servicios p\u00fablicos en el pa\u00eds"},"content":{"rendered":"\n<p><strong>Prensa VPSOPS \u2013 (Caracas 14\/09\/2023).-<\/strong>&nbsp;El&nbsp;<strong>vicepresidente Sectorial de Obras P\u00fablicas y Servicios, G\/J N\u00e9stor Reverol<\/strong>, lider\u00f3 la tarde de este martes una reuni\u00f3n extraordinaria de trabajo con los Ministros y los presidentes de entes que integran esta&nbsp;<strong>Vicepresidencia Sectorial<\/strong>.<\/p>\n\n\n\n<p>Vale destacar que en la reuni\u00f3n de trabajo tuvo como invitados especiales al&nbsp;<strong>vicepresidente Sectorial de Planificaci\u00f3n Ricardo Men\u00e9ndez&nbsp;<\/strong>y al&nbsp;<strong>Ministro del Poder Popular para las Comunas y Movimientos Sociales, Jorge Arreaza&nbsp;<\/strong>d\u00f3nde evaluaron el&nbsp;<strong>Diccionario de Comunidades<\/strong>, una plataforma de intercambio que permitir\u00e1 vincular la pol\u00edtica p\u00fablica a las comunidades del pa\u00eds.<\/p>\n\n\n<div class=\"wp-block-image\">\n<figure class=\"alignleft\"><img decoding=\"async\" src=\"http:\/\/intranet.mppee.gob.ve\/wordpress\/wp-content\/uploads\/2023\/09\/Diccionario-de-Comunidades-optimizara-servicios-publicos-en-el-pais-5-300x200.jpeg\" alt=\"\" class=\"wp-image-16557\"\/><\/figure>\n<\/div>\n\n\n<p>\u201cEs un trabajo que ha venido desarrollando el Ministerio de Planificaci\u00f3n en la georreferenciaci\u00f3n en el territorio de las comunidades. Es una herramienta muy poderosa para el tema de la&nbsp;<strong>atenci\u00f3n de los servicios p\u00fablicos<\/strong>&nbsp;y para tambi\u00e9n atender la nueva forma de gobernar que ha ordenado el&nbsp;<strong>Presidente Nicol\u00e1s Maduro<\/strong>&nbsp;que es el&nbsp;<strong>1\u00d710 del Buen Gobierno<\/strong>\u201d, expres\u00f3 el General en Jefe.<\/p>\n\n\n\n<p>En ese sentido, Reverol destac\u00f3 que esta articulaci\u00f3n debe ponerse en pr\u00e1ctica para tener una mejor proximidad y atenci\u00f3n a las comunidades del territorio nacional.<\/p>\n\n\n\n<p>\u201cEs fundamental tener conocimiento pleno de esta herramienta y que nos permita tambi\u00e9n tener el control territorial para la satisfacci\u00f3n de las necesidades del pueblo que es muy importante\u201d, precis\u00f3.<\/p>\n\n\n\n<h2 class=\"wp-block-heading\"><strong>Mapa de Soluciones<\/strong><\/h2>\n\n\n\n<p>Por su parte, el&nbsp;<strong>vicepresidente Sectorial de Planificaci\u00f3n Ricardo Men\u00e9ndez<\/strong>&nbsp;asever\u00f3 que esta plataforma permite el intercambio de informaci\u00f3n con todos los sistemas de atenci\u00f3n social que existen el pa\u00eds.<\/p>\n\n\n\n<p>\u201cEl tema de mapa de soluciones en cuanto al desarrollo, es la manera de aproximarnos a las comunidades. En el Ministerio de Comunas se le ha dado adicionalmente la figura de los gobiernos comunitarios, m\u00e1s el trabajo que se hace en la&nbsp;<strong>Vicepresidencia de Servicios<\/strong>. Debemos adem\u00e1s recordar que esto que estamos haciendo es probablemente de las cosas que tiene impacto m\u00e1s r\u00e1pido y de mayor volumen vinculado hacia la agenda 2024\u201d, afirm\u00f3 Men\u00e9ndez.<\/p>\n\n\n<div class=\"wp-block-image\">\n<figure class=\"alignright\"><img decoding=\"async\" src=\"http:\/\/intranet.mppee.gob.ve\/wordpress\/wp-content\/uploads\/2023\/09\/Diccionario-de-Comunidades-optimizara-servicios-publicos-en-el-pais-4-300x200.jpeg\" alt=\"\" class=\"wp-image-16558\"\/><\/figure>\n<\/div>\n\n\n<h3 class=\"wp-block-heading\"><strong>Pueblo hecho gobierno en la comunidad<\/strong><\/h3>\n\n\n\n<p>Finalmente, el&nbsp;<strong>Ministro para las Comunas y Movimientos Sociales, Jorge Arreaza<\/strong>, manifest\u00f3 que esta iniciativa busca fortalecer lo que es la&nbsp;<strong>organizaci\u00f3n popular<\/strong>&nbsp;para la atenci\u00f3n inmediata de sus necesidades.<\/p>\n\n\n\n<p>\u201cLa Revoluci\u00f3n Bolivariana se caracteriza por entregarle el poder al pueblo, hecho gobierno en la comunidad. Esto es fundamental para poder avanzar en la direcci\u00f3n correcta. Creo que esto nos puede servir para hacer de la comunidad realmente indivisible\u201d, concluy\u00f3.<\/p>\n\n\n\n<p><strong>Prensa VPSOPS<\/strong><\/p>\n","protected":false},"excerpt":{"rendered":"<p>Prensa VPSOPS \u2013 (Caracas 14\/09\/2023).-&nbsp;El&nbsp;vicepresidente Sectorial de Obras P\u00fablicas y Servicios, G\/J N\u00e9stor Reverol, lider\u00f3 la tarde de este martes<\/p>\n","protected":false},"author":22,"featured_media":89740,"comment_status":"closed","ping_status":"closed","sticky":false,"template":"","format":"standard","meta":{"footnotes":""},"categories":[15],"tags":[],"class_list":["post-89739","post","type-post","status-publish","format-standard","has-post-thumbnail","hentry","category-nacionales"],"_links":{"self":[{"href":"https:\/\/mppee.gob.ve\/index.php?rest_route=\/wp\/v2\/posts\/89739","targetHints":{"allow":["GET"]}}],"collection":[{"href":"https:\/\/mppee.gob.ve\/index.php?rest_route=\/wp\/v2\/posts"}],"about":[{"href":"https:\/\/mppee.gob.ve\/index.php?rest_route=\/wp\/v2\/types\/post"}],"author":[{"embeddable":true,"href":"https:\/\/mppee.gob.ve\/index.php?rest_route=\/wp\/v2\/users\/22"}],"replies":[{"embeddable":true,"href":"https:\/\/mppee.gob.ve\/index.php?rest_route=%2Fwp%2Fv2%2Fcomments&post=89739"}],"version-history":[{"count":1,"href":"https:\/\/mppee.gob.ve\/index.php?rest_route=\/wp\/v2\/posts\/89739\/revisions"}],"predecessor-version":[{"id":89741,"href":"https:\/\/mppee.gob.ve\/index.php?rest_route=\/wp\/v2\/posts\/89739\/revisions\/89741"}],"wp:featuredmedia":[{"embeddable":true,"href":"https:\/\/mppee.gob.ve\/index.php?rest_route=\/wp\/v2\/media\/89740"}],"wp:attachment":[{"href":"https:\/\/mppee.gob.ve\/index.php?rest_route=%2Fwp%2Fv2%2Fmedia&parent=89739"}],"wp:term":[{"taxonomy":"category","embeddable":true,"href":"https:\/\/mppee.gob.ve\/index.php?rest_route=%2Fwp%2Fv2%2Fcategories&post=89739"},{"taxonomy":"post_tag","embeddable":true,"href":"https:\/\/mppee.gob.ve\/index.php?rest_route=%2Fwp%2Fv2%2Ftags&post=89739"}],"curies":[{"name":"wp","href":"https:\/\/api.w.org\/{rel}","templated":true}]}}