{"id":89764,"date":"2023-09-22T23:46:24","date_gmt":"2023-09-22T23:46:24","guid":{"rendered":"http:\/\/mppee.gob.ve\/?p=89764"},"modified":"2023-09-22T23:46:24","modified_gmt":"2023-09-22T23:46:24","slug":"inauguran-comedor-de-la-planta-de-generacion-hidroelectrica-macagua-en-el-estado-bolivar","status":"publish","type":"post","link":"https:\/\/mppee.gob.ve\/?p=89764","title":{"rendered":"Inauguran comedor de la Planta de Generaci\u00f3n Hidroel\u00e9ctrica Macagua en el estado Bol\u00edvar"},"content":{"rendered":"\n<p><strong>Prensa MPPEE \u2013 (Bol\u00edvar 22\/09\/2023).-<\/strong>&nbsp;Este viernes fue inaugurado el&nbsp;<strong>Centro de Alimentaci\u00f3n Nutricional Macagua de la Central Hidroel\u00e9ctrica Antonio Jos\u00e9 de Sucre<\/strong>, ubicada en el estado Bol\u00edvar.<\/p>\n\n\n\n<p>El&nbsp;<strong>vicepresidente Sectorial de Obras P\u00fablicas y Servicios, G\/J N\u00e9stor Reverol,<\/strong>&nbsp;acompa\u00f1ado del presidente de la&nbsp;<strong>Corporaci\u00f3n El\u00e9ctrica Nacional<\/strong>,&nbsp;<strong>Ing. Jos\u00e9 Luis Betancourt<\/strong>,&nbsp; destac\u00f3 que en este comedor ser\u00e1n beneficiados diariamente 2 mil 600 trabajadores del sector el\u00e9ctrico.<\/p>\n\n\n\n<p>\u201cComo lo prometimos en enero, Macagua ya tiene un comedor para la fuerza trabajadora; hoy en nombre del presidente Nicol\u00e1s Maduro se hace realidad este extraordinario espacio\u201d, asever\u00f3 el tambi\u00e9n&nbsp;<strong>Ministro del Poder Popular para la Energ\u00eda El\u00e9ctrica<\/strong>.<\/p>\n\n\n<div class=\"wp-block-image\">\n<figure class=\"alignright\"><img decoding=\"async\" src=\"http:\/\/intranet.mppee.gob.ve\/wordpress\/wp-content\/uploads\/2023\/09\/021-300x157.jpg\" alt=\"\" class=\"wp-image-16585\"\/><\/figure>\n<\/div>\n\n\n<p>Indic\u00f3 que este comedor es parte de los 44 que se encuentran activos en todo el pa\u00eds, en los que se les garantiza la nutrici\u00f3n diaria a m\u00e1s de 20 mil trabajadores del&nbsp;<strong>Sistema El\u00e9ctrico Nacional (SEN).<\/strong><\/p>\n\n\n\n<p>Por otra parte, inform\u00f3 que en el lugar tambi\u00e9n se lleva a cabo un Plan de Empaque de Comida, para enviar el alimento a aquellos trabajadores que se encuentran tanto en los centros de operaciones, como en el edificio sede de la&nbsp;<strong>Planta de Generaci\u00f3n El\u00e9ctrica de Macagua.<\/strong><\/p>\n\n\n\n<p>\u201cEstamos juntos en tiempos de adversidad para atender el bienestar social de nuestra fuerza trabajadora\u201d, finaliz\u00f3.<\/p>\n\n\n\n<p>Prensa MPPEE-Maikel Reyes<\/p>\n","protected":false},"excerpt":{"rendered":"<p>Prensa MPPEE \u2013 (Bol\u00edvar 22\/09\/2023).-&nbsp;Este viernes fue inaugurado el&nbsp;Centro de Alimentaci\u00f3n Nutricional Macagua de la Central Hidroel\u00e9ctrica Antonio Jos\u00e9 de<\/p>\n","protected":false},"author":22,"featured_media":89763,"comment_status":"closed","ping_status":"closed","sticky":false,"template":"","format":"standard","meta":{"footnotes":""},"categories":[30],"tags":[],"class_list":["post-89764","post","type-post","status-publish","format-standard","has-post-thumbnail","hentry","category-regionales"],"_links":{"self":[{"href":"https:\/\/mppee.gob.ve\/index.php?rest_route=\/wp\/v2\/posts\/89764","targetHints":{"allow":["GET"]}}],"collection":[{"href":"https:\/\/mppee.gob.ve\/index.php?rest_route=\/wp\/v2\/posts"}],"about":[{"href":"https:\/\/mppee.gob.ve\/index.php?rest_route=\/wp\/v2\/types\/post"}],"author":[{"embeddable":true,"href":"https:\/\/mppee.gob.ve\/index.php?rest_route=\/wp\/v2\/users\/22"}],"replies":[{"embeddable":true,"href":"https:\/\/mppee.gob.ve\/index.php?rest_route=%2Fwp%2Fv2%2Fcomments&post=89764"}],"version-history":[{"count":1,"href":"https:\/\/mppee.gob.ve\/index.php?rest_route=\/wp\/v2\/posts\/89764\/revisions"}],"predecessor-version":[{"id":89765,"href":"https:\/\/mppee.gob.ve\/index.php?rest_route=\/wp\/v2\/posts\/89764\/revisions\/89765"}],"wp:featuredmedia":[{"embeddable":true,"href":"https:\/\/mppee.gob.ve\/index.php?rest_route=\/wp\/v2\/media\/89763"}],"wp:attachment":[{"href":"https:\/\/mppee.gob.ve\/index.php?rest_route=%2Fwp%2Fv2%2Fmedia&parent=89764"}],"wp:term":[{"taxonomy":"category","embeddable":true,"href":"https:\/\/mppee.gob.ve\/index.php?rest_route=%2Fwp%2Fv2%2Fcategories&post=89764"},{"taxonomy":"post_tag","embeddable":true,"href":"https:\/\/mppee.gob.ve\/index.php?rest_route=%2Fwp%2Fv2%2Ftags&post=89764"}],"curies":[{"name":"wp","href":"https:\/\/api.w.org\/{rel}","templated":true}]}}