{"id":89779,"date":"2023-09-29T00:23:30","date_gmt":"2023-09-29T00:23:30","guid":{"rendered":"http:\/\/mppee.gob.ve\/?p=89779"},"modified":"2023-09-29T00:23:31","modified_gmt":"2023-09-29T00:23:31","slug":"instalan-encuentro-tecnico-cientifico-educativo-el-lago-de-maracaibo-va-a-clases","status":"publish","type":"post","link":"https:\/\/mppee.gob.ve\/?p=89779","title":{"rendered":"Instalan Encuentro T\u00e9cnico-Cient\u00edfico-Educativo \u201cEl Lago de Maracaibo va a Clases\u201d"},"content":{"rendered":"\n<p><strong>Prensa VPSOPS \u2013 (Zulia 28\/09\/2023).-<\/strong>&nbsp;El&nbsp;<strong>vicepresidente Sectorial de Obras P\u00fablicas y Servicios, G\/J N\u00e9stor Reverol<\/strong>, instal\u00f3 el&nbsp;<strong>Encuentro T\u00e9cnico- Cient\u00edfico-Educativo \u201cEl Lago de Maracaibo va a Clases\u201d<\/strong>, donde participan m\u00e1s de 400 docentes y dem\u00e1s personas del \u00e1mbito educativo del estado Zulia.<\/p>\n\n\n\n<p>\u201cEste encuentro es fundamental dentro del&nbsp;<strong>Plan Maestro para el Rescate, Conservaci\u00f3n y Desarrollo Sostenible del Lago de Maracaibo<\/strong>, que ha sido aprobado por el presidente Nicol\u00e1s Maduro. Es un producto que se hizo con la participaci\u00f3n de cient\u00edficos, t\u00e9cnicos, dirigentes pol\u00edticos, Poder Popular y dem\u00e1s sectores sociales quienes con sus ideas y opiniones se vincularon a esta labor de preservaci\u00f3n ambiental\u201d, expres\u00f3 Reverol.<\/p>\n\n\n<div class=\"wp-block-image\">\n<figure class=\"alignright\"><img decoding=\"async\" src=\"http:\/\/intranet.mppee.gob.ve\/wordpress\/wp-content\/uploads\/2023\/09\/WhatsApp-Image-2023-09-28-at-3.47.01-PM-300x200.jpeg\" alt=\"\" class=\"wp-image-16604\"\/><\/figure>\n<\/div>\n\n\n<p>Record\u00f3 que este Plan tiene 6 v\u00e9rtices, con un conjunto de l\u00edneas estrat\u00e9gicas y acciones program\u00e1ticas que involucran a los cuatro niveles de gobierno: Nacional, Regional y Municipal, junto al Poder Popular.<\/p>\n\n\n\n<p>En ese sentido, asever\u00f3 que en este&nbsp;<strong>encuentro T\u00e9cnico-Cient\u00edfico-Educativo<\/strong>&nbsp;formar\u00e1 parte de un eje transversal en la educaci\u00f3n ambiental, desde la educaci\u00f3n inicial hasta la universitaria, y destac\u00f3 la importancia de que todos se involucren en este despliegue de concientizaci\u00f3n.<\/p>\n\n\n\n<p>\u201cSer\u00e1 un debate de saberes para la planificaci\u00f3n de todo el contenido e informaci\u00f3n que se refiere al Lago de Maracaibo con todos los ni\u00f1os de educaci\u00f3n inicial, educaci\u00f3n primaria, j\u00f3venes de educaci\u00f3n secundaria, y un poco menos j\u00f3venes de la educaci\u00f3n universitaria. Tendr\u00e1 talleres de formaci\u00f3n de formadores y diplomados; se convertir\u00e1 en una gran agitaci\u00f3n del sector educativo del estado Zulia, a partir del a\u00f1o escolar 2023 \u2013 2024 que inicia la pr\u00f3xima semana\u201d, afirm\u00f3.<\/p>\n\n\n\n<p><strong>Ruta del Lago de Maracaibo<\/strong><\/p>\n\n\n\n<p>Por otra parte, inform\u00f3 que el&nbsp;<strong>Gobierno Bolivariano<\/strong>&nbsp;est\u00e1 desarrollando la Ruta del Lago de Maracaibo, donde ya se han visitado 22 municipios de los 28 que integran la Cuenca del Lago de Maracaibo, con \u201cla incorporaci\u00f3n de todos los actores en esta gran tarea que nos ha encomendado el&nbsp;<strong>presidente Nicol\u00e1s Maduro<\/strong>, a esta Comisi\u00f3n Presidencial\u201d, agreg\u00f3.<\/p>\n\n\n\n<p>El General en Jefe comunic\u00f3, adem\u00e1s, que hasta la fecha se ha recogido m\u00e1s de 31 mil desechos en todas las costas del&nbsp;<strong>Lago de Maracaibo.<\/strong><\/p>\n\n\n<div class=\"wp-block-image\">\n<figure class=\"alignright\"><img decoding=\"async\" src=\"http:\/\/intranet.mppee.gob.ve\/wordpress\/wp-content\/uploads\/2023\/09\/WhatsApp-Image-2023-09-28-at-3.47.03-PM-300x200.jpeg\" alt=\"\" class=\"wp-image-16608\"\/><\/figure>\n<\/div>\n\n\n<p>\u201cEs un esfuerzo del Poder Popular, de los pescadores, de la Gobernaci\u00f3n, Alcald\u00edas, del Gobierno Nacional. Todos juntos para el Rescate,&nbsp;<strong>Conservaci\u00f3n y Desarrollo Sostenible del Lago de Maracaibo<\/strong>, al que se unen actividades paralelas en diferentes espacios vinculadas al transporte, agua, ecosocialismo, obras p\u00fablicas, para atender las necesidades del pueblo zuliano\u201d, concluy\u00f3.<\/p>\n\n\n\n<p><strong>Prensa VPSOPS<\/strong><\/p>\n","protected":false},"excerpt":{"rendered":"<p>Prensa VPSOPS \u2013 (Zulia 28\/09\/2023).-&nbsp;El&nbsp;vicepresidente Sectorial de Obras P\u00fablicas y Servicios, G\/J N\u00e9stor Reverol, instal\u00f3 el&nbsp;Encuentro T\u00e9cnico- Cient\u00edfico-Educativo \u201cEl Lago<\/p>\n","protected":false},"author":22,"featured_media":89780,"comment_status":"closed","ping_status":"closed","sticky":false,"template":"","format":"standard","meta":{"footnotes":""},"categories":[30],"tags":[],"class_list":["post-89779","post","type-post","status-publish","format-standard","has-post-thumbnail","hentry","category-regionales"],"_links":{"self":[{"href":"https:\/\/mppee.gob.ve\/index.php?rest_route=\/wp\/v2\/posts\/89779","targetHints":{"allow":["GET"]}}],"collection":[{"href":"https:\/\/mppee.gob.ve\/index.php?rest_route=\/wp\/v2\/posts"}],"about":[{"href":"https:\/\/mppee.gob.ve\/index.php?rest_route=\/wp\/v2\/types\/post"}],"author":[{"embeddable":true,"href":"https:\/\/mppee.gob.ve\/index.php?rest_route=\/wp\/v2\/users\/22"}],"replies":[{"embeddable":true,"href":"https:\/\/mppee.gob.ve\/index.php?rest_route=%2Fwp%2Fv2%2Fcomments&post=89779"}],"version-history":[{"count":1,"href":"https:\/\/mppee.gob.ve\/index.php?rest_route=\/wp\/v2\/posts\/89779\/revisions"}],"predecessor-version":[{"id":89781,"href":"https:\/\/mppee.gob.ve\/index.php?rest_route=\/wp\/v2\/posts\/89779\/revisions\/89781"}],"wp:featuredmedia":[{"embeddable":true,"href":"https:\/\/mppee.gob.ve\/index.php?rest_route=\/wp\/v2\/media\/89780"}],"wp:attachment":[{"href":"https:\/\/mppee.gob.ve\/index.php?rest_route=%2Fwp%2Fv2%2Fmedia&parent=89779"}],"wp:term":[{"taxonomy":"category","embeddable":true,"href":"https:\/\/mppee.gob.ve\/index.php?rest_route=%2Fwp%2Fv2%2Fcategories&post=89779"},{"taxonomy":"post_tag","embeddable":true,"href":"https:\/\/mppee.gob.ve\/index.php?rest_route=%2Fwp%2Fv2%2Ftags&post=89779"}],"curies":[{"name":"wp","href":"https:\/\/api.w.org\/{rel}","templated":true}]}}