{"id":89786,"date":"2023-10-02T20:20:22","date_gmt":"2023-10-02T20:20:22","guid":{"rendered":"http:\/\/mppee.gob.ve\/?p=89786"},"modified":"2023-10-02T20:20:22","modified_gmt":"2023-10-02T20:20:22","slug":"ninos-y-ninas-del-sector-electrico-iniciaron-el-nuevo-periodo-escolar-2023-2024","status":"publish","type":"post","link":"https:\/\/mppee.gob.ve\/?p=89786","title":{"rendered":"Ni\u00f1os y ni\u00f1as del sector el\u00e9ctrico iniciaron el nuevo periodo escolar 2023-2024"},"content":{"rendered":"\n<p><strong>&nbsp;<\/strong><strong>Prensa MPPEE \u2013 (Caracas, 02-10-2023).-<\/strong>&nbsp;Los&nbsp;<strong>ni\u00f1os y ni\u00f1as<\/strong>&nbsp;del&nbsp;<strong>Centro de Educaci\u00f3n Inicial \u201cGuardianes El\u00e9ctricos\u201d<\/strong>&nbsp;de San Bernardino y del&nbsp;<strong>Centro Educaci\u00f3n Inicial \u201cDon Luis Zambrano\u201d<\/strong>, El Marqu\u00e9s arrancaron este lunes el&nbsp;<strong>nuevo a\u00f1o escolar 2023-2024.<\/strong><\/p>\n\n\n\n<p>Ambos centros educativos suman una&nbsp;<strong>matr\u00edcula de 216 ni\u00f1os y ni\u00f1as<\/strong>&nbsp;en edades comprendidas entre 2 y 5 a\u00f1os de edad.<\/p>\n\n\n<div class=\"wp-block-image\">\n<figure class=\"alignleft\"><img decoding=\"async\" src=\"http:\/\/intranet.mppee.gob.ve\/wordpress\/wp-content\/uploads\/2023\/10\/WhatsApp-Image-2023-10-02-at-12.09.02-PM-300x200.jpeg\" alt=\"\" class=\"wp-image-16616\"\/><\/figure>\n<\/div>\n\n\n<p><strong>La directora de \u201cGuardianes El\u00e9ctricos\u201d, Betzay Bustillos<\/strong>, dio la bienvenida al nuevo periodo escolar. \u201cEstamos muy contentas y felices de tener a todos estos ni\u00f1os del&nbsp;<strong>sector el\u00e9ctrico<\/strong>, donde les garantizaremos una atenci\u00f3n integral, de calidad y pedag\u00f3gica\u201d, expres\u00f3.<\/p>\n\n\n\n<p>Por su parte, la representante Carito Mendoza manifest\u00f3 su agradecimiento al&nbsp;<strong>Ministro del Poder Popular para la Energ\u00eda El\u00e9ctrica, G\/J N\u00e9stor Reverol<\/strong>&nbsp;y a la&nbsp;<strong>presidenta de Asoelec, Dra. Stephanie Sartori<\/strong>, por garantizar las excelentes condiciones de las instalaciones de ambos Centros de Educaci\u00f3n Inicial.<\/p>\n\n\n\n<p>\u201cEstamos agradecidos de contar con este beneficio de estar m\u00e1s cerca de nuestros hijos, con muchas expectativas para este nuevo a\u00f1o escolar\u201d, precis\u00f3.<\/p>\n\n\n\n<h3 class=\"wp-block-heading\"><strong>M\u00e1s de ocho millones de ni\u00f1os y j\u00f3venes regresan a clases<\/strong><\/h3>\n\n\n\n<p>Vale destacar que m\u00e1s de&nbsp;<strong>8 millones de ni\u00f1os, ni\u00f1as y j\u00f3venes de todo el pa\u00eds se incorporaron este 2 de octubre, al nuevo per\u00edodo escolar 2023-2024.<\/strong><\/p>\n\n\n<div class=\"wp-block-image\">\n<figure class=\"alignright\"><img decoding=\"async\" src=\"http:\/\/intranet.mppee.gob.ve\/wordpress\/wp-content\/uploads\/2023\/10\/WhatsApp-Image-2023-10-02-at-12.13.28-PM-300x226.jpeg\" alt=\"\" class=\"wp-image-16617\"\/><\/figure>\n<\/div>\n\n\n<p>La informaci\u00f3n la dio a conocer la ministra del Poder Popular para la Educaci\u00f3n, Yelitze Santaella, quien detall\u00f3 que este nuevo a\u00f1o inici\u00f3 con m\u00e1s de 28 mil planteles educativos activos. Adem\u00e1s, inform\u00f3 que se rehabilitaron m\u00e1s de siete mil instituciones.<\/p>\n\n\n\n<p><strong>Prensa MPPEE<\/strong><\/p>\n","protected":false},"excerpt":{"rendered":"<p>&nbsp;Prensa MPPEE \u2013 (Caracas, 02-10-2023).-&nbsp;Los&nbsp;ni\u00f1os y ni\u00f1as&nbsp;del&nbsp;Centro de Educaci\u00f3n Inicial \u201cGuardianes El\u00e9ctricos\u201d&nbsp;de San Bernardino y del&nbsp;Centro Educaci\u00f3n Inicial \u201cDon Luis<\/p>\n","protected":false},"author":22,"featured_media":89787,"comment_status":"closed","ping_status":"closed","sticky":false,"template":"","format":"standard","meta":{"footnotes":""},"categories":[15],"tags":[],"class_list":["post-89786","post","type-post","status-publish","format-standard","has-post-thumbnail","hentry","category-nacionales"],"_links":{"self":[{"href":"https:\/\/mppee.gob.ve\/index.php?rest_route=\/wp\/v2\/posts\/89786","targetHints":{"allow":["GET"]}}],"collection":[{"href":"https:\/\/mppee.gob.ve\/index.php?rest_route=\/wp\/v2\/posts"}],"about":[{"href":"https:\/\/mppee.gob.ve\/index.php?rest_route=\/wp\/v2\/types\/post"}],"author":[{"embeddable":true,"href":"https:\/\/mppee.gob.ve\/index.php?rest_route=\/wp\/v2\/users\/22"}],"replies":[{"embeddable":true,"href":"https:\/\/mppee.gob.ve\/index.php?rest_route=%2Fwp%2Fv2%2Fcomments&post=89786"}],"version-history":[{"count":1,"href":"https:\/\/mppee.gob.ve\/index.php?rest_route=\/wp\/v2\/posts\/89786\/revisions"}],"predecessor-version":[{"id":89788,"href":"https:\/\/mppee.gob.ve\/index.php?rest_route=\/wp\/v2\/posts\/89786\/revisions\/89788"}],"wp:featuredmedia":[{"embeddable":true,"href":"https:\/\/mppee.gob.ve\/index.php?rest_route=\/wp\/v2\/media\/89787"}],"wp:attachment":[{"href":"https:\/\/mppee.gob.ve\/index.php?rest_route=%2Fwp%2Fv2%2Fmedia&parent=89786"}],"wp:term":[{"taxonomy":"category","embeddable":true,"href":"https:\/\/mppee.gob.ve\/index.php?rest_route=%2Fwp%2Fv2%2Fcategories&post=89786"},{"taxonomy":"post_tag","embeddable":true,"href":"https:\/\/mppee.gob.ve\/index.php?rest_route=%2Fwp%2Fv2%2Ftags&post=89786"}],"curies":[{"name":"wp","href":"https:\/\/api.w.org\/{rel}","templated":true}]}}