{"id":89789,"date":"2023-10-04T12:33:00","date_gmt":"2023-10-04T12:33:00","guid":{"rendered":"http:\/\/mppee.gob.ve\/?p=89789"},"modified":"2023-10-06T15:50:16","modified_gmt":"2023-10-06T15:50:16","slug":"autoridades-sector-educativo-se-suman-al-plan-estrategico-de-concientizacion-para-el-rescate-del-lago-de-maracaibo","status":"publish","type":"post","link":"https:\/\/mppee.gob.ve\/?p=89789","title":{"rendered":"Autoridades del sector educativo se suman al Plan Estrat\u00e9gico de concientizaci\u00f3n para el rescate del Lago de Maracaibo"},"content":{"rendered":"<p><img loading=\"lazy\" decoding=\"async\" class=\"wp-image-89802 alignleft\" src=\"http:\/\/mppee.gob.ve\/wp-content\/uploads\/2023\/10\/Autoridades-sector-educativo-se-suman-al-Plan-Estrategico-de-concientizacion-para-el-rescate-del-Lago-de-Maracaibo.jpg\" alt=\"\" width=\"300\" height=\"204\">Autoridades del sector educativo se sumaron al dise\u00f1o del Plan Estrat\u00e9gico que incorporar\u00e1 y concientizar\u00e1 a los estudiantes de los diferentes niveles al rescate y conservaci\u00f3n del Lago de Maracaibo, en el estado Zulia.<\/p>\n<p>As\u00ed lo inform\u00f3 el vicepresidente Sectorial de Obras P\u00fablicas y Servicios, G\/J N\u00e9stor Reverol, tras una reuni\u00f3n que sostuvo, en Caracas, con las &nbsp;ministras de Educaci\u00f3n, Yelitze Santaella y de Educaci\u00f3n Universitaria, Sandra Oblitas y &nbsp;dem\u00e1s integrantes de la Comisi\u00f3n Presidencial para el Rescate, Conservaci\u00f3n y Desarrollo Sostenible del Lago de Maracaibo.<\/p>\n<p>El objetivo es una vez el plan este dise\u00f1ado &nbsp;iniciar un gran despliegue para cultivar una educaci\u00f3n cr\u00edtica en torno a este tema de \u00edndole ambiental, bajo la premisa<b>&nbsp;&nbsp;\u201cEl Lago de Maracaibo va a Clases\u201d.<\/b><img loading=\"lazy\" decoding=\"async\" class=\"wp-image-89797 alignright\" src=\"http:\/\/mppee.gob.ve\/wp-content\/uploads\/2023\/10\/Autoridades-sector-educativo-se-suman-al-Plan-Estrategico-de-concientizacion-para-el-rescate-del-Lago-de-Maracaibo-8.jpg\" alt=\"\" width=\"300\" height=\"200\"><\/p>\n<p>El pasado jueves se llev\u00f3 a cabo un Encuentro T\u00e9cnico- Cient\u00edfico-Educativo, en la que participaron m\u00e1s de 400 docentes y dem\u00e1s personas del \u00e1mbito educativo del estado Zulia, para alcanzar este prop\u00f3sito.<\/p>\n<p>Por otra parte,&nbsp;<b>&nbsp;\u201crevisamos actividades de gesti\u00f3n de Gobierno previstas para los pr\u00f3ximos d\u00edas, a fin de garantizar la atenci\u00f3n directa de los servicios p\u00fablicos en la entidad zuliana\u201d,<\/b>&nbsp;agreg\u00f3.<\/p>\n<p><b><i>M\u00e1s de 60 d\u00edas cumpliendo con el Zulia<br \/>\n<\/i><\/b><br \/>\nLa Comisi\u00f3n Presidencial para el Rescate, Conservaci\u00f3n y Desarrollo Sostenible del Lago de Maracaibo inici\u00f3 sus labores el pasado 2 de agosto, una semana despu\u00e9s del anuncio del &nbsp;presidente de la Rep\u00fablica Nicol\u00e1s Maduro sobre la activaci\u00f3n del \u201cplan especial de atenci\u00f3n, descontaminaci\u00f3n y recuperaci\u00f3n\u201d de este \u00edcono zuliano.<img loading=\"lazy\" decoding=\"async\" class=\"wp-image-89796 alignleft\" src=\"http:\/\/mppee.gob.ve\/wp-content\/uploads\/2023\/10\/Autoridades-sector-educativo-se-suman-al-Plan-Estrategico-de-concientizacion-para-el-rescate-del-Lago-de-Maracaibo-7.jpg\" alt=\"\" width=\"300\" height=\"200\"><\/p>\n<p>Para cumplir con esta tarea design\u00f3 al Ministro Reverol, quien desde ese momento ha cumplido junto a las dem\u00e1s autoridades diversas jornadas de trabajo para avanzar con este compromiso y exigencia de los zulianos.<br \/>\n<b><br \/>\n\u201cHoy se cumplen 64 d\u00edas de atenci\u00f3n sostenible del Lago, China y Puente, en funci\u00f3n del bienestar de las zulianas y zulianos. \u00a1Y vamos por m\u00e1s, el Lago de Maracaibo es el Zulia!\u201d<\/b>, concluy\u00f3 Reverol.<\/p>\n<p><b>Prensa Vpsops<\/b><\/p>\n","protected":false},"excerpt":{"rendered":"<p>Autoridades del sector educativo se sumaron al dise\u00f1o del Plan Estrat\u00e9gico que incorporar\u00e1 y concientizar\u00e1 a los estudiantes de los<\/p>\n","protected":false},"author":12,"featured_media":89801,"comment_status":"closed","ping_status":"closed","sticky":false,"template":"","format":"standard","meta":{"footnotes":""},"categories":[30],"tags":[11,327],"class_list":["post-89789","post","type-post","status-publish","format-standard","has-post-thumbnail","hentry","category-regionales","tag-mppee","tag-vsops"],"_links":{"self":[{"href":"https:\/\/mppee.gob.ve\/index.php?rest_route=\/wp\/v2\/posts\/89789","targetHints":{"allow":["GET"]}}],"collection":[{"href":"https:\/\/mppee.gob.ve\/index.php?rest_route=\/wp\/v2\/posts"}],"about":[{"href":"https:\/\/mppee.gob.ve\/index.php?rest_route=\/wp\/v2\/types\/post"}],"author":[{"embeddable":true,"href":"https:\/\/mppee.gob.ve\/index.php?rest_route=\/wp\/v2\/users\/12"}],"replies":[{"embeddable":true,"href":"https:\/\/mppee.gob.ve\/index.php?rest_route=%2Fwp%2Fv2%2Fcomments&post=89789"}],"version-history":[{"count":2,"href":"https:\/\/mppee.gob.ve\/index.php?rest_route=\/wp\/v2\/posts\/89789\/revisions"}],"predecessor-version":[{"id":89820,"href":"https:\/\/mppee.gob.ve\/index.php?rest_route=\/wp\/v2\/posts\/89789\/revisions\/89820"}],"wp:featuredmedia":[{"embeddable":true,"href":"https:\/\/mppee.gob.ve\/index.php?rest_route=\/wp\/v2\/media\/89801"}],"wp:attachment":[{"href":"https:\/\/mppee.gob.ve\/index.php?rest_route=%2Fwp%2Fv2%2Fmedia&parent=89789"}],"wp:term":[{"taxonomy":"category","embeddable":true,"href":"https:\/\/mppee.gob.ve\/index.php?rest_route=%2Fwp%2Fv2%2Fcategories&post=89789"},{"taxonomy":"post_tag","embeddable":true,"href":"https:\/\/mppee.gob.ve\/index.php?rest_route=%2Fwp%2Fv2%2Ftags&post=89789"}],"curies":[{"name":"wp","href":"https:\/\/api.w.org\/{rel}","templated":true}]}}