{"id":89805,"date":"2023-10-05T22:14:53","date_gmt":"2023-10-05T22:14:53","guid":{"rendered":"http:\/\/mppee.gob.ve\/?p=89805"},"modified":"2023-10-05T22:14:54","modified_gmt":"2023-10-05T22:14:54","slug":"juramentados-mas-de-3-mil-equipos-promotores-que-se-suman-al-rescate-conservacion-y-desarrollo-sostenible-del-lago-de-maracaibo","status":"publish","type":"post","link":"https:\/\/mppee.gob.ve\/?p=89805","title":{"rendered":"Juramentados m\u00e1s de 3 mil equipos promotores que se suman al Rescate, Conservaci\u00f3n y Desarrollo Sostenible del Lago de Maracaibo"},"content":{"rendered":"\n<p><strong>Prensa VPOPS \u2013 (Zulia 05-10-2023).-<\/strong>&nbsp; Desde la Vereda del Lago, el&nbsp;<strong>vicepresidente Sectorial de Obras P\u00fablicas y Servicios, G\/J N\u00e9stor Reverol<\/strong>, jurament\u00f3 este jueves a&nbsp;<strong>3 mil 011 equipos promotores<\/strong>&nbsp;que se suman al&nbsp;<strong>Plan Maestro para el Rescate, Conservaci\u00f3n y Desarrollo Sostenible del Lago de Maracaibo.<\/strong><\/p>\n\n\n\n<p>Con esta juramentaci\u00f3n concluy\u00f3 la primera fase de la&nbsp;<strong>Ruta por el Lago<\/strong>, tras un di\u00e1logo de saberes en 27 municipios y 76 parroquias de los estados&nbsp;<strong>Zulia, M\u00e9rida, T\u00e1chira y Trujillo<\/strong>, destac\u00f3 Reverol.<\/p>\n\n\n<div class=\"wp-block-image\">\n<figure class=\"alignleft\"><img decoding=\"async\" src=\"http:\/\/intranet.mppee.gob.ve\/wordpress\/wp-content\/uploads\/2023\/10\/JURAMENTADOS-MAS-DE-3-MIL-EQUIPOS-PROMOTORES-QUE-SE-SUMAN-AL-RESCATE-CONSERVACION-Y-DESARROLLO-SOSTENIBLE-DEL-LAGO-DE-MARACAIBO-2-300x200.jpeg\" alt=\"\" class=\"wp-image-16641\"\/><\/figure>\n<\/div>\n\n\n<p>\u201cEn este despliegue particip\u00f3 un equipo multidisciplinario del Iclam, Ecosocialismo, Mincomunas, Milicia Bolivariana, FANB, Cpnb, Guardia del Pueblo, Alcald\u00edas, Gobernaciones y diferentes expresiones del Poder Popular, quienes conjuntamente con la Comisi\u00f3n Presidencial trabajan en funci\u00f3n de un objetivo com\u00fan que es recuperar el gran reservorio de agua y mejorar la calidad de vida de todo el pueblo zuliano\u201d, precis\u00f3.<\/p>\n\n\n\n<p>Vale recordar que la&nbsp;<strong>Comisi\u00f3n Presidencial para el Rescate, Conservaci\u00f3n y Desarrollo Sostenible del Lago de Maracaibo<\/strong>, inici\u00f3 sus labores el pasado 2 de agosto, una semana despu\u00e9s del anuncio del&nbsp;<strong>presidente de la Rep\u00fablica Nicol\u00e1s Maduro<\/strong>&nbsp;sobre la activaci\u00f3n de un \u201cplan especial de atenci\u00f3n, descontaminaci\u00f3n y recuperaci\u00f3n\u201d de este \u00edcono zuliano.<\/p>\n\n\n<div class=\"wp-block-image\">\n<figure class=\"alignright\"><img decoding=\"async\" src=\"http:\/\/intranet.mppee.gob.ve\/wordpress\/wp-content\/uploads\/2023\/10\/JURAMENTADOS-MAS-DE-3-MIL-EQUIPOS-PROMOTORES-QUE-SE-SUMAN-AL-RESCATE-CONSERVACION-Y-DESARROLLO-SOSTENIBLE-DEL-LAGO-DE-MARACAIBO-6-300x200.jpeg\" alt=\"\" class=\"wp-image-16642\"\/><\/figure>\n<\/div>\n\n\n<p>Para cumplir con esta tarea design\u00f3 al tambi\u00e9n&nbsp;<strong>Ministro para la Energ\u00eda El\u00e9ctrica<\/strong>, quien desde ese momento ha cumplido junto a las dem\u00e1s autoridades diversas jornadas de trabajo para avanzar con este compromiso y exigencia de los zulianos.<\/p>\n\n\n\n<p>Prensa VPOPS \u2013 Maikel Reyes<\/p>\n","protected":false},"excerpt":{"rendered":"<p>Prensa VPOPS \u2013 (Zulia 05-10-2023).-&nbsp; Desde la Vereda del Lago, el&nbsp;vicepresidente Sectorial de Obras P\u00fablicas y Servicios, G\/J N\u00e9stor Reverol,<\/p>\n","protected":false},"author":22,"featured_media":89806,"comment_status":"closed","ping_status":"closed","sticky":false,"template":"","format":"standard","meta":{"footnotes":""},"categories":[30],"tags":[],"class_list":["post-89805","post","type-post","status-publish","format-standard","has-post-thumbnail","hentry","category-regionales"],"_links":{"self":[{"href":"https:\/\/mppee.gob.ve\/index.php?rest_route=\/wp\/v2\/posts\/89805","targetHints":{"allow":["GET"]}}],"collection":[{"href":"https:\/\/mppee.gob.ve\/index.php?rest_route=\/wp\/v2\/posts"}],"about":[{"href":"https:\/\/mppee.gob.ve\/index.php?rest_route=\/wp\/v2\/types\/post"}],"author":[{"embeddable":true,"href":"https:\/\/mppee.gob.ve\/index.php?rest_route=\/wp\/v2\/users\/22"}],"replies":[{"embeddable":true,"href":"https:\/\/mppee.gob.ve\/index.php?rest_route=%2Fwp%2Fv2%2Fcomments&post=89805"}],"version-history":[{"count":1,"href":"https:\/\/mppee.gob.ve\/index.php?rest_route=\/wp\/v2\/posts\/89805\/revisions"}],"predecessor-version":[{"id":89807,"href":"https:\/\/mppee.gob.ve\/index.php?rest_route=\/wp\/v2\/posts\/89805\/revisions\/89807"}],"wp:featuredmedia":[{"embeddable":true,"href":"https:\/\/mppee.gob.ve\/index.php?rest_route=\/wp\/v2\/media\/89806"}],"wp:attachment":[{"href":"https:\/\/mppee.gob.ve\/index.php?rest_route=%2Fwp%2Fv2%2Fmedia&parent=89805"}],"wp:term":[{"taxonomy":"category","embeddable":true,"href":"https:\/\/mppee.gob.ve\/index.php?rest_route=%2Fwp%2Fv2%2Fcategories&post=89805"},{"taxonomy":"post_tag","embeddable":true,"href":"https:\/\/mppee.gob.ve\/index.php?rest_route=%2Fwp%2Fv2%2Ftags&post=89805"}],"curies":[{"name":"wp","href":"https:\/\/api.w.org\/{rel}","templated":true}]}}