{"id":89856,"date":"2023-10-24T21:19:04","date_gmt":"2023-10-24T21:19:04","guid":{"rendered":"http:\/\/mppee.gob.ve\/?p=89856"},"modified":"2023-10-26T19:19:21","modified_gmt":"2023-10-26T19:19:21","slug":"gobierno-bolivariano-entrego-totalmente-rehabilitado-el-parque-g-j-rafael-urdaneta-en-el-zulia","status":"publish","type":"post","link":"https:\/\/mppee.gob.ve\/?p=89856","title":{"rendered":"Gobierno Bolivariano entreg\u00f3 totalmente rehabilitado el Parque G\/J Rafael Urdaneta en el Zulia"},"content":{"rendered":"\n<p><strong>Prensa Vpsops \u2013 (Zulia, 24-10-2023).-<\/strong>&nbsp;El&nbsp;<strong>Gobierno Bolivariano<\/strong>&nbsp;entreg\u00f3 este martes completamente rehabilitado el&nbsp;<strong>Parque G\/J Rafael Urdaneta<\/strong>, ubicado en la avenida Padilla de la ciudad de Maracaibo, en el estado&nbsp;<strong>Zulia<\/strong>, para el disfrute y recreaci\u00f3n de residentes y visitantes de esta hermosa tierra, cuando se cumplen&nbsp;<strong>235 a\u00f1os del natalicio de este insigne pr\u00f3cer de la independencia.<\/strong><\/p>\n\n\n\n<p>El\u00a0<strong>vicepresidente sectorial de Obras P\u00fablicas y Servicios, G\/J N\u00e9stor Reverol,<\/strong>\u00a0realiz\u00f3 este acto de entrega acompa\u00f1ado de los integrantes de la\u00a0<strong>Comisi\u00f3n Presidencial para el Rescate, Conservaci\u00f3n y Desarrollo Sostenible del Lago de Maracaibo<\/strong>, y de autoridades locales.<\/p>\n\n\n<div class=\"wp-block-image\">\n<figure class=\"alignleft\"><img decoding=\"async\" src=\"http:\/\/intranet.mppee.gob.ve\/wordpress\/wp-content\/uploads\/2023\/10\/WhatsApp-Image-2023-10-24-at-5.10.41-PM-1-300x200.jpeg\" alt=\"\" class=\"wp-image-16722\"\/><\/figure>\n<\/div>\n\n\n<p>Los trabajos incluyeron la colocaci\u00f3n de&nbsp;<strong>503 luminarias multicolor con 1.700 metros de cableado<\/strong>, restauraci\u00f3n de monumentos y fuentes, adecuaci\u00f3n de la concha ac\u00fastica y dos parques infantiles y biosaludables.<\/p>\n\n\n\n<p>En ese sentido, destac\u00f3 la colaboraci\u00f3n de la&nbsp;<strong>Misi\u00f3n Venezuela Bella<\/strong>&nbsp;en la restauraci\u00f3n del Museo Urdaneta y la recuperaci\u00f3n de la Casa Natal de tan insigne h\u00e9roe de nuestra independencia, situada en el sector La Ca\u00f1ada de Urdaneta de la capital marabina. \u201cSon obras que ha instruido el presidente Nicol\u00e1s Maduro hacerlas y rehabilitarlas desde el coraz\u00f3n\u201d, afirm\u00f3.<\/p>\n\n\n\n<p>Tambi\u00e9n por indicaciones del jefe de Estado se ha devuelto a este parque la estatua ecuestre de nuestro General en Jefe, Rafael Urdaneta, para continuar enalteciendo el legado de este zuliano ejemplar catalogado como \u201cEl Brillante\u201d por El Libertador, Sim\u00f3n Bol\u00edvar.<\/p>\n\n\n\n<h2 class=\"wp-block-heading\"><strong>G\/J Rafael Urdaneta es sin\u00f3nimo de lealtad<\/strong><\/h2>\n\n\n\n<p>El&nbsp;<strong>Vicepresidente Sectorial<\/strong>&nbsp;asever\u00f3 que hablar del&nbsp;<strong>G\/J Rafael Urdaneta<\/strong>&nbsp;es sin\u00f3nimo de lealtad, perseverancia, valent\u00eda y amor a la Patria. \u201cNosotros como zulianos debemos sentirnos orgullosos de tener este pr\u00f3cer, el m\u00e1s grande de los leales con nuestro Libertador Sim\u00f3n Bol\u00edvar\u201d.<\/p>\n\n\n<div class=\"wp-block-image\">\n<figure class=\"alignright\"><img decoding=\"async\" src=\"http:\/\/intranet.mppee.gob.ve\/wordpress\/wp-content\/uploads\/2023\/10\/WhatsApp-Image-2023-10-24-at-5.10.41-PM-2-300x200.jpeg\" alt=\"\" class=\"wp-image-16723\"\/><\/figure>\n<\/div>\n\n\n<p>Destac\u00f3 que en todos los \u00e1mbitos educativos debe concientizarse sobre su vida y obra para que los ni\u00f1os y ni\u00f1as, desde muy temprana edad, conozcan a este insigne patriota que luch\u00f3 y dio su vida por la independencia de Venezuela.<\/p>\n\n\n\n<h3 class=\"wp-block-heading\"><strong>Recuperaci\u00f3n del Lago de Maracaibo<\/strong><\/h3>\n\n\n\n<p>El General de Jefe indic\u00f3 que la&nbsp;<strong>Comisi\u00f3n Presidencial para el Rescate, Conservaci\u00f3n y Desarrollo Sostenible del Lago de Maracaibo&nbsp;<\/strong>ha realizado un conjunto de actividades y acciones program\u00e1ticas con un Plan Maestro bajo control y supervisi\u00f3n del Instituto para el Control y la Conservaci\u00f3n de la Cuenca del Lago de Maracaibo (ICLAM), encargado del estudio de las aguas y el comportamiento de los 135 r\u00edos que tributan en este importante reservorio de agua dulce.<\/p>\n\n\n\n<p>Recalc\u00f3, igualmente, la recolecci\u00f3n de m\u00e1s de 51 mil toneladas de desechos desde que el presidente Nicol\u00e1s Maduro activ\u00f3 esta comisi\u00f3n presidencial.<\/p>\n\n\n<div class=\"wp-block-image\">\n<figure class=\"alignleft\"><img decoding=\"async\" src=\"http:\/\/intranet.mppee.gob.ve\/wordpress\/wp-content\/uploads\/2023\/10\/WhatsApp-Image-2023-10-24-at-5.10.42-PM-300x200.jpeg\" alt=\"\" class=\"wp-image-16724\"\/><\/figure>\n<\/div>\n\n\n<p>\u201cPdvsa ha sustituido m\u00e1s de 381 km de tuber\u00eda flexible, la recolecci\u00f3n de m\u00e1s de 26 mil de desechos petrolizados, as\u00ed como tambi\u00e9n la atenci\u00f3n a los servicios p\u00fablicos, el plan de vialidad, la atenci\u00f3n a la salud y la educaci\u00f3n. El&nbsp;<strong>Gabinete Ejecutivo<\/strong>&nbsp;est\u00e1 desplegado permanentemente en el Zulia para atender todas las necesidades y devolver el estado de bienestar social al pueblo\u201d, concluy\u00f3.<\/p>\n\n\n\n<p><strong>Prensa Vpsops \u2013 Maikel Reyes<\/strong><\/p>\n","protected":false},"excerpt":{"rendered":"<p>Prensa Vpsops \u2013 (Zulia, 24-10-2023).-&nbsp;El&nbsp;Gobierno Bolivariano&nbsp;entreg\u00f3 este martes completamente rehabilitado el&nbsp;Parque G\/J Rafael Urdaneta, ubicado en la avenida Padilla de<\/p>\n","protected":false},"author":22,"featured_media":89857,"comment_status":"closed","ping_status":"closed","sticky":false,"template":"","format":"standard","meta":{"footnotes":""},"categories":[30],"tags":[],"class_list":["post-89856","post","type-post","status-publish","format-standard","has-post-thumbnail","hentry","category-regionales"],"_links":{"self":[{"href":"https:\/\/mppee.gob.ve\/index.php?rest_route=\/wp\/v2\/posts\/89856","targetHints":{"allow":["GET"]}}],"collection":[{"href":"https:\/\/mppee.gob.ve\/index.php?rest_route=\/wp\/v2\/posts"}],"about":[{"href":"https:\/\/mppee.gob.ve\/index.php?rest_route=\/wp\/v2\/types\/post"}],"author":[{"embeddable":true,"href":"https:\/\/mppee.gob.ve\/index.php?rest_route=\/wp\/v2\/users\/22"}],"replies":[{"embeddable":true,"href":"https:\/\/mppee.gob.ve\/index.php?rest_route=%2Fwp%2Fv2%2Fcomments&post=89856"}],"version-history":[{"count":2,"href":"https:\/\/mppee.gob.ve\/index.php?rest_route=\/wp\/v2\/posts\/89856\/revisions"}],"predecessor-version":[{"id":89865,"href":"https:\/\/mppee.gob.ve\/index.php?rest_route=\/wp\/v2\/posts\/89856\/revisions\/89865"}],"wp:featuredmedia":[{"embeddable":true,"href":"https:\/\/mppee.gob.ve\/index.php?rest_route=\/wp\/v2\/media\/89857"}],"wp:attachment":[{"href":"https:\/\/mppee.gob.ve\/index.php?rest_route=%2Fwp%2Fv2%2Fmedia&parent=89856"}],"wp:term":[{"taxonomy":"category","embeddable":true,"href":"https:\/\/mppee.gob.ve\/index.php?rest_route=%2Fwp%2Fv2%2Fcategories&post=89856"},{"taxonomy":"post_tag","embeddable":true,"href":"https:\/\/mppee.gob.ve\/index.php?rest_route=%2Fwp%2Fv2%2Ftags&post=89856"}],"curies":[{"name":"wp","href":"https:\/\/api.w.org\/{rel}","templated":true}]}}