{"id":89897,"date":"2023-11-03T23:46:06","date_gmt":"2023-11-03T23:46:06","guid":{"rendered":"http:\/\/mppee.gob.ve\/?p=89897"},"modified":"2023-11-03T23:46:53","modified_gmt":"2023-11-03T23:46:53","slug":"mppee-condecora-a-195-trabajadores-por-su-ardua-labor-en-la-institucion","status":"publish","type":"post","link":"https:\/\/mppee.gob.ve\/?p=89897","title":{"rendered":"Mppee condecora a 195 trabajadores por su ardua labor en la instituci\u00f3n"},"content":{"rendered":"\n<p><strong>Mppee (Caracas, 03\/11\/2023).-<\/strong>&nbsp;Este viernes, un total de 195 trabajadores del&nbsp;<strong>Ministerio del Poder Popular para la Energ\u00eda El\u00e9ctrica (Mppee)<\/strong>&nbsp;fueron reconocidos por la ardua labor que llevan a cabo en la instituci\u00f3n que cumpli\u00f3 el pasado 28 de octubre su&nbsp;<strong>d\u00e9cimo cuarto aniversario.<\/strong><\/p>\n\n\n<div class=\"wp-block-image\">\n<figure class=\"alignleft\"><img decoding=\"async\" src=\"http:\/\/intranet.mppee.gob.ve\/wordpress\/wp-content\/uploads\/2023\/11\/WhatsApp-Image-2023-11-03-at-2.48.04-PM-300x200.jpeg\" alt=\"\" class=\"wp-image-16796\"\/><\/figure>\n<\/div>\n\n\n<p>La actividad se realiz\u00f3 en el Teatro de la Escuela de Formaci\u00f3n de Oficiales de las Fuerzas Armadas de Cooperaci\u00f3n (EFOFAC), ubicado en Caracas, y estuvo liderada por el&nbsp;<strong>vicepresidente Sectorial de Obras P\u00fablicas y Servicios, G\/J N\u00e9stor Reverol<\/strong>, quien condecor\u00f3 a 96 de estos empleados con la&nbsp;<strong>Orden Don Luis Zambrano<\/strong>&nbsp;en su 1era. 2da. y 3era<\/p>\n\n\n\n<p>\u201cHace 14 a\u00f1os, el&nbsp;<strong>Comandante Eterno Hugo Ch\u00e1vez<\/strong>&nbsp;cre\u00f3 este ministerio como estrategia para atender de manera directa y exclusiva el desarrollo del Sistema El\u00e9ctrico Nacional, objetivo que hemos estado cumpliendo gracias a la&nbsp;<strong>fuerza trabajadora<\/strong>&nbsp;que es nuestra arma secreta\u201d, indic\u00f3 el tambi\u00e9n titular de la cartera energ\u00e9tica.<\/p>\n\n\n<div class=\"wp-block-image\">\n<figure class=\"alignright\"><img decoding=\"async\" src=\"http:\/\/intranet.mppee.gob.ve\/wordpress\/wp-content\/uploads\/2023\/11\/WhatsApp-Image-2023-11-03-at-2.48.05-PM-300x200.jpeg\" alt=\"\" class=\"wp-image-16797\"\/><\/figure>\n<\/div>\n\n\n<p>En tal sentido, reconoci\u00f3 el profundo orgullo que siente por ellos.&nbsp; \u201cTienen toda mi admiraci\u00f3n por el gran esfuerzo que hacen diariamente en mejorar a\u00fan m\u00e1s el sistema el\u00e9ctrico para el pueblo venezolano\u201d, dijo Reverol.<\/p>\n\n\n\n<p>Mppee-Aliarly Carrillo<\/p>\n","protected":false},"excerpt":{"rendered":"<p>Mppee (Caracas, 03\/11\/2023).-&nbsp;Este viernes, un total de 195 trabajadores del&nbsp;Ministerio del Poder Popular para la Energ\u00eda El\u00e9ctrica (Mppee)&nbsp;fueron reconocidos por<\/p>\n","protected":false},"author":22,"featured_media":89901,"comment_status":"closed","ping_status":"closed","sticky":false,"template":"","format":"standard","meta":{"footnotes":""},"categories":[15],"tags":[11],"class_list":["post-89897","post","type-post","status-publish","format-standard","has-post-thumbnail","hentry","category-nacionales","tag-mppee"],"_links":{"self":[{"href":"https:\/\/mppee.gob.ve\/index.php?rest_route=\/wp\/v2\/posts\/89897","targetHints":{"allow":["GET"]}}],"collection":[{"href":"https:\/\/mppee.gob.ve\/index.php?rest_route=\/wp\/v2\/posts"}],"about":[{"href":"https:\/\/mppee.gob.ve\/index.php?rest_route=\/wp\/v2\/types\/post"}],"author":[{"embeddable":true,"href":"https:\/\/mppee.gob.ve\/index.php?rest_route=\/wp\/v2\/users\/22"}],"replies":[{"embeddable":true,"href":"https:\/\/mppee.gob.ve\/index.php?rest_route=%2Fwp%2Fv2%2Fcomments&post=89897"}],"version-history":[{"count":1,"href":"https:\/\/mppee.gob.ve\/index.php?rest_route=\/wp\/v2\/posts\/89897\/revisions"}],"predecessor-version":[{"id":89899,"href":"https:\/\/mppee.gob.ve\/index.php?rest_route=\/wp\/v2\/posts\/89897\/revisions\/89899"}],"wp:featuredmedia":[{"embeddable":true,"href":"https:\/\/mppee.gob.ve\/index.php?rest_route=\/wp\/v2\/media\/89901"}],"wp:attachment":[{"href":"https:\/\/mppee.gob.ve\/index.php?rest_route=%2Fwp%2Fv2%2Fmedia&parent=89897"}],"wp:term":[{"taxonomy":"category","embeddable":true,"href":"https:\/\/mppee.gob.ve\/index.php?rest_route=%2Fwp%2Fv2%2Fcategories&post=89897"},{"taxonomy":"post_tag","embeddable":true,"href":"https:\/\/mppee.gob.ve\/index.php?rest_route=%2Fwp%2Fv2%2Ftags&post=89897"}],"curies":[{"name":"wp","href":"https:\/\/api.w.org\/{rel}","templated":true}]}}