{"id":89903,"date":"2023-11-06T18:14:11","date_gmt":"2023-11-06T18:14:11","guid":{"rendered":"http:\/\/mppee.gob.ve\/?p=89903"},"modified":"2023-11-06T18:14:53","modified_gmt":"2023-11-06T18:14:53","slug":"ministro-reverol-y-fuerza-trabajadora-del-sen-dan-inicio-a-la-navidad-2023","status":"publish","type":"post","link":"https:\/\/mppee.gob.ve\/?p=89903","title":{"rendered":"Ministro Reverol y fuerza trabajadora del SEN dan inicio a la Navidad 2023"},"content":{"rendered":"\n<p><strong>Prensa Mppee (Caracas, 06\/11\/2023).-<\/strong>&nbsp;Al ritmo de parrandas y villancicos este lunes, el&nbsp;<strong>vicepresidente Sectorial de Obras P\u00fablicas y Servicios, G\/J N\u00e9stor Reverol<\/strong>, en compa\u00f1\u00eda de la&nbsp;<strong>presidenta de la Asociaci\u00f3n Civil del Ministerio para la Energ\u00eda El\u00e9ctrica (Asoelec), Dra. Stephanie Sartori<\/strong>, dieron inicio a la&nbsp;<strong>Navidad 2023.<\/strong><\/p>\n\n\n<div class=\"wp-block-image\">\n<figure class=\"alignleft\"><img decoding=\"async\" src=\"http:\/\/intranet.mppee.gob.ve\/wordpress\/wp-content\/uploads\/2023\/11\/WhatsApp-Image-2023-11-06-at-12.06.46-PM-1-300x230.jpeg\" alt=\"\" class=\"wp-image-16800\"\/><\/figure>\n<\/div>\n\n\n<p>La actividad se realiz\u00f3 en la sede ministerial en Caracas, donde particip\u00f3 el&nbsp;<strong>Coro Juan Bautista Plaza<\/strong>, integrado por 50 m\u00fasicos adolescentes pertenecientes al&nbsp;<strong>N\u00facleo Alberto Arvelo Torrealba del Mppee.<\/strong><\/p>\n\n\n\n<p>\u201cEstamos dando la apertura a la Navidad en nuestro&nbsp;<strong>Ministerio para la Energ\u00eda El\u00e9ctrica<\/strong>, y la&nbsp;<strong>Corporaci\u00f3n El\u00e9ctrica Nacional<\/strong>&nbsp;con los hermosos ni\u00f1os y ni\u00f1as del preescolar \u201cGuardianes El\u00e9ctricos\u201d y con la llegada de Pacheco\u201d, expres\u00f3 Reverol.<\/p>\n\n\n\n<p>En ese sentido, asever\u00f3 que la&nbsp;<strong>temporada decembrina<\/strong>&nbsp;es la m\u00e1s hermosa del a\u00f1o, una fecha para el reencuentro, reconciliaci\u00f3n, compartir y felicidad. \u201cEs la \u00e9poca m\u00e1s hermosa del a\u00f1o que simboliza para los que creemos en Dios, el nacimiento de nuestro Se\u00f1or Jesucristo como m\u00e1xima expresi\u00f3n de amor hacia la humanidad\u201d, afirm\u00f3.<\/p>\n\n\n<div class=\"wp-block-image\">\n<figure class=\"alignright\"><img decoding=\"async\" src=\"http:\/\/intranet.mppee.gob.ve\/wordpress\/wp-content\/uploads\/2023\/11\/WhatsApp-Image-2023-11-06-at-12.06.48-PM-300x200.jpeg\" alt=\"\" class=\"wp-image-16801\"\/><\/figure>\n<\/div>\n\n\n<p>Finalmente, dese\u00f3 a toda la&nbsp;<strong>familia del sector el\u00e9ctrico<\/strong>&nbsp;una Navidad maravillosa, de uni\u00f3n y paz. \u201cEstamos seguros que en el 2024 podemos enfrentar con mucha sabidur\u00eda todos los desaf\u00edos que vengan y los vamos a vencer\u201d. \u00a1Feliz Navidad para todos y todas bendiciones! \u00a1Un abrazo!<\/p>\n\n\n\n<h2 class=\"wp-block-heading\"><strong>Emprendedores el\u00e9ctricos<\/strong><\/h2>\n\n\n\n<p>Por otra parte, se realiz\u00f3 una exposici\u00f3n promovida por&nbsp;<strong>Asoelec<\/strong>&nbsp;con m\u00e1s de 40 emprendedores, quienes ofrecer\u00e1n diferentes comidas y rubros durante toda esta semana.<\/p>\n\n\n\n<p>Uno de los emprendedores Guillermo Dur\u00e1n de la Oficina de Gesti\u00f3n Humana, se mostr\u00f3 agradecido por la oportunidad. \u201cEste es mi tercer a\u00f1o participando en las ferias como emprendedor, vendiendo pan de jam\u00f3n y chocolate caliente, gracias al ministro&nbsp;<strong>N\u00e9stor Reverol<\/strong>&nbsp;y a su esposa,&nbsp;<strong>Stephanie Sartori<\/strong>\u201d.<\/p>\n\n\n<div class=\"wp-block-image\">\n<figure class=\"alignleft\"><img decoding=\"async\" src=\"http:\/\/intranet.mppee.gob.ve\/wordpress\/wp-content\/uploads\/2023\/11\/WhatsApp-Image-2023-11-06-at-12.06.46-PM-5-300x200.jpeg\" alt=\"\" class=\"wp-image-16802\"\/><\/figure>\n<\/div>\n\n\n<p>Igualmente, Siulmar Guevara, de la Oficina de Uso Racional de la Energ\u00eda El\u00e9ctrica manifest\u00f3 su agradecimiento por la oportunidad de participar en esta feria, para mostrar todos los dones y talentos que tienen los trabajadores del SEN.<\/p>\n\n\n\n<p><strong>Prensa Mppee \/ Gladys Revete<\/strong><\/p>\n","protected":false},"excerpt":{"rendered":"<p>Prensa Mppee (Caracas, 06\/11\/2023).-&nbsp;Al ritmo de parrandas y villancicos este lunes, el&nbsp;vicepresidente Sectorial de Obras P\u00fablicas y Servicios, G\/J N\u00e9stor<\/p>\n","protected":false},"author":22,"featured_media":89906,"comment_status":"closed","ping_status":"closed","sticky":false,"template":"","format":"standard","meta":{"footnotes":""},"categories":[15],"tags":[11],"class_list":["post-89903","post","type-post","status-publish","format-standard","has-post-thumbnail","hentry","category-nacionales","tag-mppee"],"_links":{"self":[{"href":"https:\/\/mppee.gob.ve\/index.php?rest_route=\/wp\/v2\/posts\/89903","targetHints":{"allow":["GET"]}}],"collection":[{"href":"https:\/\/mppee.gob.ve\/index.php?rest_route=\/wp\/v2\/posts"}],"about":[{"href":"https:\/\/mppee.gob.ve\/index.php?rest_route=\/wp\/v2\/types\/post"}],"author":[{"embeddable":true,"href":"https:\/\/mppee.gob.ve\/index.php?rest_route=\/wp\/v2\/users\/22"}],"replies":[{"embeddable":true,"href":"https:\/\/mppee.gob.ve\/index.php?rest_route=%2Fwp%2Fv2%2Fcomments&post=89903"}],"version-history":[{"count":1,"href":"https:\/\/mppee.gob.ve\/index.php?rest_route=\/wp\/v2\/posts\/89903\/revisions"}],"predecessor-version":[{"id":89905,"href":"https:\/\/mppee.gob.ve\/index.php?rest_route=\/wp\/v2\/posts\/89903\/revisions\/89905"}],"wp:featuredmedia":[{"embeddable":true,"href":"https:\/\/mppee.gob.ve\/index.php?rest_route=\/wp\/v2\/media\/89906"}],"wp:attachment":[{"href":"https:\/\/mppee.gob.ve\/index.php?rest_route=%2Fwp%2Fv2%2Fmedia&parent=89903"}],"wp:term":[{"taxonomy":"category","embeddable":true,"href":"https:\/\/mppee.gob.ve\/index.php?rest_route=%2Fwp%2Fv2%2Fcategories&post=89903"},{"taxonomy":"post_tag","embeddable":true,"href":"https:\/\/mppee.gob.ve\/index.php?rest_route=%2Fwp%2Fv2%2Ftags&post=89903"}],"curies":[{"name":"wp","href":"https:\/\/api.w.org\/{rel}","templated":true}]}}