{"id":89916,"date":"2023-11-09T20:38:13","date_gmt":"2023-11-09T20:38:13","guid":{"rendered":"http:\/\/mppee.gob.ve\/?p=89916"},"modified":"2023-11-09T20:38:14","modified_gmt":"2023-11-09T20:38:14","slug":"reactivan-rutas-del-sistema-integral-de-transporte-acuatico-de-pasajeros-en-el-zulia","status":"publish","type":"post","link":"https:\/\/mppee.gob.ve\/?p=89916","title":{"rendered":"Reactivan rutas del Sistema Integral de Transporte Acu\u00e1tico de Pasajeros en el Zulia"},"content":{"rendered":"<p style=\"text-align: justify;\"><img loading=\"lazy\" decoding=\"async\" class=\"wp-image-89928 alignleft\" src=\"http:\/\/mppee.gob.ve\/wp-content\/uploads\/2023\/11\/Reactivan-rutas-del-Sistema-Integral-de-Transporte-Acuatico-de-Pasajeros-en-el-Zulia-12.jpg\" alt=\"\" width=\"300\" height=\"193\" \/>El vicepresidente Sectorial de Obras P\u00fablicas y Servicios, G\/J N\u00e9stor Reverol, reactiv\u00f3 este jueves las rutas del Sistema Integral de Transporte Acu\u00e1tico de Pasajeros (Sitap) en el estado Zulia, con dos embarcaciones que partir\u00e1n desde el Puerto de Maracaibo hasta Cabimas, San Carlos y Los Puertos de Altagracia.<\/p>\n<p style=\"text-align: justify;\"><strong>\u201cNosotros hemos logrado reactivar dos embarcaciones con capacidad para 110 pasajeros, con rutas que fortalecen el turismo en la entidad. Tenemos que insistir en esto, hemos desarrollado un polo de progreso tur\u00edstico en el Zulia\u201d,<\/strong> expres\u00f3 Reverol.<\/p>\n<p style=\"text-align: justify;\">En ese sentido, destac\u00f3 que el trayecto por v\u00eda acu\u00e1tica en direcci\u00f3n a los Puertos de Altagracia ser\u00e1 de tan solo quince minutos, mientras que se habilit\u00f3 otra ruta lacustre hacia Cabimas con una duraci\u00f3n de hora y media para los pasajeros.<\/p>\n<p style=\"text-align: justify;\"><img loading=\"lazy\" decoding=\"async\" class=\"wp-image-89927 alignright\" src=\"http:\/\/mppee.gob.ve\/wp-content\/uploads\/2023\/11\/Reactivan-rutas-del-Sistema-Integral-de-Transporte-Acuatico-de-Pasajeros-en-el-Zulia-11.jpg\" alt=\"\" width=\"300\" height=\"200\" \/>Por otra parte, asever\u00f3 que el Gobierno Bolivariano que lidera el presidente Nicol\u00e1s Maduro asumi\u00f3 el compromiso de inaugurar para el a\u00f1o 2024 otra ruta lacustre hacia la localidad de Olog\u00e1 en la costa sur del Lago de Maracaibo, a fin de que propios y visitantes puedan percibir el majestuoso espect\u00e1culo natural del Rel\u00e1mpago del Catatumbo, dado que este fen\u00f3meno natural podr\u00eda ser el punto de referencia para desarrollar el turismo cient\u00edfico en la entidad zuliana.<\/p>\n<p style=\"text-align: justify;\"><strong>\u201cEn el pa\u00eds ya existen ocho rutas de hidrov\u00edas, mientras que se prev\u00e9 reactivar las v\u00edas fluviales Apure-Barinas y La Guaira \u2013Chichiriviche de La Costa, con el prop\u00f3sito de utilizar el aproximado de cuatro mil kil\u00f3metros de la fachada caribe\u00f1a con la que cuenta Venezuela para el adelanto del Plan Nacional de Hidrov\u00edas y as\u00ed impulsar la actividad tur\u00edstica en la regi\u00f3n\u201d<\/strong>, sostuvo.<\/p>\n<p style=\"text-align: justify;\"><em><strong><img loading=\"lazy\" decoding=\"async\" class=\"wp-image-89926 alignleft\" src=\"http:\/\/mppee.gob.ve\/wp-content\/uploads\/2023\/11\/Reactivan-rutas-del-Sistema-Integral-de-Transporte-Acuatico-de-Pasajeros-en-el-Zulia-10.jpg\" alt=\"\" width=\"300\" height=\"194\" \/>Favorecer la actividad econ\u00f3mica del pa\u00eds<\/strong><\/em><\/p>\n<p style=\"text-align: justify;\">El General en Jefe, igualmente, explic\u00f3 que esta iniciativa del transporte mar\u00edtimo contribuir\u00e1 al desarrollo de la econom\u00eda venezolana. <strong>\u201cEl presidente Hugo Ch\u00e1vez con su gran visi\u00f3n estrat\u00e9gica creo el Plan Nacional de Hidrov\u00edas Lacustres, que ha ido fortaleciendo el presidente Nicol\u00e1s Maduro\u201d<\/strong>, concluy\u00f3.<\/p>\n<p style=\"text-align: justify;\"><strong>Prensa Vpsops<\/strong><\/p>\n<p><img loading=\"lazy\" decoding=\"async\" class=\"alignnone size-full wp-image-89919\" src=\"http:\/\/mppee.gob.ve\/wp-content\/uploads\/2023\/11\/Reactivan-rutas-del-Sistema-Integral-de-Transporte-Acuatico-de-Pasajeros-en-el-Zulia-3.jpg\" alt=\"\" width=\"1024\" height=\"683\" \/><\/p>\n","protected":false},"excerpt":{"rendered":"<p>El vicepresidente Sectorial de Obras P\u00fablicas y Servicios, G\/J N\u00e9stor Reverol, reactiv\u00f3 este jueves las rutas del Sistema Integral de<\/p>\n","protected":false},"author":12,"featured_media":89929,"comment_status":"closed","ping_status":"closed","sticky":false,"template":"","format":"standard","meta":{"footnotes":""},"categories":[30],"tags":[],"class_list":["post-89916","post","type-post","status-publish","format-standard","has-post-thumbnail","hentry","category-regionales"],"_links":{"self":[{"href":"https:\/\/mppee.gob.ve\/index.php?rest_route=\/wp\/v2\/posts\/89916","targetHints":{"allow":["GET"]}}],"collection":[{"href":"https:\/\/mppee.gob.ve\/index.php?rest_route=\/wp\/v2\/posts"}],"about":[{"href":"https:\/\/mppee.gob.ve\/index.php?rest_route=\/wp\/v2\/types\/post"}],"author":[{"embeddable":true,"href":"https:\/\/mppee.gob.ve\/index.php?rest_route=\/wp\/v2\/users\/12"}],"replies":[{"embeddable":true,"href":"https:\/\/mppee.gob.ve\/index.php?rest_route=%2Fwp%2Fv2%2Fcomments&post=89916"}],"version-history":[{"count":1,"href":"https:\/\/mppee.gob.ve\/index.php?rest_route=\/wp\/v2\/posts\/89916\/revisions"}],"predecessor-version":[{"id":89930,"href":"https:\/\/mppee.gob.ve\/index.php?rest_route=\/wp\/v2\/posts\/89916\/revisions\/89930"}],"wp:featuredmedia":[{"embeddable":true,"href":"https:\/\/mppee.gob.ve\/index.php?rest_route=\/wp\/v2\/media\/89929"}],"wp:attachment":[{"href":"https:\/\/mppee.gob.ve\/index.php?rest_route=%2Fwp%2Fv2%2Fmedia&parent=89916"}],"wp:term":[{"taxonomy":"category","embeddable":true,"href":"https:\/\/mppee.gob.ve\/index.php?rest_route=%2Fwp%2Fv2%2Fcategories&post=89916"},{"taxonomy":"post_tag","embeddable":true,"href":"https:\/\/mppee.gob.ve\/index.php?rest_route=%2Fwp%2Fv2%2Ftags&post=89916"}],"curies":[{"name":"wp","href":"https:\/\/api.w.org\/{rel}","templated":true}]}}