{"id":89931,"date":"2023-11-09T22:33:30","date_gmt":"2023-11-09T22:33:30","guid":{"rendered":"http:\/\/mppee.gob.ve\/?p=89931"},"modified":"2023-11-09T22:33:31","modified_gmt":"2023-11-09T22:33:31","slug":"vicepresidente-sectorial-reverol-llama-a-la-participacion-en-el-referendum-consultivo-en-defensa-del-esequibo","status":"publish","type":"post","link":"https:\/\/mppee.gob.ve\/?p=89931","title":{"rendered":"Vicepresidente Sectorial Reverol llama a la participaci\u00f3n en el refer\u00e9ndum consultivo en defensa del Esequibo"},"content":{"rendered":"\n<p><strong>Prensa Vpsops (Zulia, 09\/11\/2023).-<\/strong>&nbsp;El&nbsp;<strong>vicepresidente Sectorial de Obras P\u00fablicas y Servicios, G\/J N\u00e9stor Reverol<\/strong>, llam\u00f3 a los venezolanos a participar en el&nbsp;<strong>Refer\u00e9ndum Consultivo en defensa de la Guayana Esequiba<\/strong>, previsto para el pr\u00f3ximo 3 de diciembre.<\/p>\n\n\n\n<p>\u201cPor el sentido patri\u00f3tico que debemos tener todos los venezolanos y venezolanas, los invit\u00f3 a esta gran fiesta electoral el pr\u00f3ximo 03 de diciembre para que digamos Cinco Veces S\u00ed que&nbsp;<strong>el Esequibo es de Venezuela<\/strong>\u201d, indic\u00f3 Reverol, desde el estado Zulia, donde lleva a cabo su acostumbra agenda de trabajo para el rescate y conservaci\u00f3n del Lago de Maracaibo.<\/p>\n\n\n<div class=\"wp-block-image\">\n<figure class=\"alignleft\"><img decoding=\"async\" src=\"http:\/\/intranet.mppee.gob.ve\/wordpress\/wp-content\/uploads\/2023\/11\/VICEPRESIDENTE-SECTORIAL-REVEROL-LLAMA-A-LA-PARTICIPACION-EN-EL-REFERENDUM-CONSULTIVO-EN-DEFENSA-EL-ESEQUIBO-2-300x200.jpeg\" alt=\"\" class=\"wp-image-16834\"\/><\/figure>\n<\/div>\n\n\n<p>\u201c\u00a1El Esequibo es Nuestro! \u00a1El Sol de Venezuela, nace en el Esequibo! Pero duerme en el Lago de Maracaibo\u201d, enfatiz\u00f3 el tambi\u00e9n ministro del Poder Popular para la Energ\u00eda El\u00e9ctrica (Mppee).<\/p>\n\n\n\n<p>De acuerdo con el Consejo Nacional Electoral (CNE) un total de 20 millones 694 mil 124 ciudadanos est\u00e1n habilitados para votar en esta consulta popular que contar\u00e1 con cinco preguntas:<\/p>\n\n\n\n<h2 class=\"wp-block-heading\"><strong>Preguntas para el referendo<\/strong><\/h2>\n\n\n\n<ol class=\"wp-block-list\">\n<li>\u00bfEst\u00e1 usted de acuerdo en rechazar, por todos los medios, conforme a derecho, la l\u00ednea impuesta fraudulentamente por el Laudo Arbitral de Par\u00eds de 1899, que pretende despojarnos de nuestra Guayana Esequiba?<\/li>\n\n\n\n<li>\u00bfApoya usted el Acuerdo de Ginebra de 1966 como el \u00fanico instrumento jur\u00eddico v\u00e1lido para alcanzar una soluci\u00f3n pr\u00e1ctica y satisfactoria para&nbsp;<strong>Venezuela y Guyana<\/strong>, en torno a la controversia sobre el territorio de la Guayana Esequiba?<\/li>\n\n\n\n<li>\u00bfEst\u00e1 usted de acuerdo con la posici\u00f3n hist\u00f3rica de Venezuela de no reconocer la jurisdicci\u00f3n de la Corte Internacional de Justicia para resolver la controversia territorial sobre la&nbsp;<strong>Guayana Esequiba<\/strong>?<\/li>\n\n\n\n<li>\u00bfEst\u00e1 usted de acuerdo en oponerse, por todos los medios, conforme a derecho, a la pretensi\u00f3n de Guyana de disponer unilateralmente de un mar pendiente por delimitar, de manera ilegal y en violaci\u00f3n del Derecho Internacional?<\/li>\n\n\n\n<li>\u00bfEst\u00e1 usted de acuerdo con la creaci\u00f3n del estado Guayana Esequiba y que se desarrolle un plan acelerado para la atenci\u00f3n integral a la poblaci\u00f3n actual y futura de ese territorio, que incluya entre otros el otorgamiento de la ciudadan\u00eda y c\u00e9dula de identidad venezolana, conforme al Acuerdo de Ginebra y el Derecho Internacional, incorporando en consecuencia dicho estado en el mapa del territorio venezolano?.<\/li>\n<\/ol>\n\n\n\n<h3 class=\"wp-block-heading\"><strong>Presidente Maduro: El Esequibo es sagrado<\/strong><\/h3>\n\n\n\n<p>El&nbsp;<strong>presidente de la Rep\u00fablica, Nicol\u00e1s Maduro<\/strong>, ha instado a defender el&nbsp;<strong>Esequibo<\/strong>&nbsp;votando en el hist\u00f3rico refer\u00e9ndum.<\/p>\n\n\n\n<p>\u201c\u00bfQueremos paz? \u00bfQue nos respeten a Venezuela? Debemos votar el 3 de diciembre (\u2026) Recuperar la Guayana Esequiba es una misi\u00f3n del pueblo, de la Patria\u201d, dijo Maduro el 8 de noviembre, desde el estado Carabobo.<\/p>\n\n\n\n<p><strong>Prensa Vpsops-Aliarly Carrillo<\/strong><\/p>\n","protected":false},"excerpt":{"rendered":"<p>Prensa Vpsops (Zulia, 09\/11\/2023).-&nbsp;El&nbsp;vicepresidente Sectorial de Obras P\u00fablicas y Servicios, G\/J N\u00e9stor Reverol, llam\u00f3 a los venezolanos a participar en<\/p>\n","protected":false},"author":22,"featured_media":89932,"comment_status":"closed","ping_status":"closed","sticky":false,"template":"","format":"standard","meta":{"footnotes":""},"categories":[15],"tags":[],"class_list":["post-89931","post","type-post","status-publish","format-standard","has-post-thumbnail","hentry","category-nacionales"],"_links":{"self":[{"href":"https:\/\/mppee.gob.ve\/index.php?rest_route=\/wp\/v2\/posts\/89931","targetHints":{"allow":["GET"]}}],"collection":[{"href":"https:\/\/mppee.gob.ve\/index.php?rest_route=\/wp\/v2\/posts"}],"about":[{"href":"https:\/\/mppee.gob.ve\/index.php?rest_route=\/wp\/v2\/types\/post"}],"author":[{"embeddable":true,"href":"https:\/\/mppee.gob.ve\/index.php?rest_route=\/wp\/v2\/users\/22"}],"replies":[{"embeddable":true,"href":"https:\/\/mppee.gob.ve\/index.php?rest_route=%2Fwp%2Fv2%2Fcomments&post=89931"}],"version-history":[{"count":1,"href":"https:\/\/mppee.gob.ve\/index.php?rest_route=\/wp\/v2\/posts\/89931\/revisions"}],"predecessor-version":[{"id":89933,"href":"https:\/\/mppee.gob.ve\/index.php?rest_route=\/wp\/v2\/posts\/89931\/revisions\/89933"}],"wp:featuredmedia":[{"embeddable":true,"href":"https:\/\/mppee.gob.ve\/index.php?rest_route=\/wp\/v2\/media\/89932"}],"wp:attachment":[{"href":"https:\/\/mppee.gob.ve\/index.php?rest_route=%2Fwp%2Fv2%2Fmedia&parent=89931"}],"wp:term":[{"taxonomy":"category","embeddable":true,"href":"https:\/\/mppee.gob.ve\/index.php?rest_route=%2Fwp%2Fv2%2Fcategories&post=89931"},{"taxonomy":"post_tag","embeddable":true,"href":"https:\/\/mppee.gob.ve\/index.php?rest_route=%2Fwp%2Fv2%2Ftags&post=89931"}],"curies":[{"name":"wp","href":"https:\/\/api.w.org\/{rel}","templated":true}]}}