{"id":89934,"date":"2023-11-09T23:31:09","date_gmt":"2023-11-09T23:31:09","guid":{"rendered":"http:\/\/mppee.gob.ve\/?p=89934"},"modified":"2023-11-09T23:33:50","modified_gmt":"2023-11-09T23:33:50","slug":"autoridades-anuncian-el-saneamiento-de-las-playas-en-la-parroquia-el-bajo-del-estado-zulia","status":"publish","type":"post","link":"https:\/\/mppee.gob.ve\/?p=89934","title":{"rendered":"Autoridades anuncian el saneamiento de las playas en la parroquia El Bajo del estado Zulia"},"content":{"rendered":"\n<p><strong>Prensa Vpsops \u2013 (Zulia, 09\/11\/2023).-<\/strong>&nbsp;<strong>Playas de la parroquia El Bajo<\/strong>, municipio San Francisco, estado&nbsp;<strong>Zulia<\/strong>, fueron saneadas en un 100%, inform\u00f3 el&nbsp;<strong>vicepresidente Sectorial de Obras P\u00fablicas y Servicios, G\/J N\u00e9stor Reverol.<\/strong><\/p>\n\n\n<div class=\"wp-block-image\">\n<figure class=\"alignleft\"><img decoding=\"async\" src=\"http:\/\/intranet.mppee.gob.ve\/wordpress\/wp-content\/uploads\/2023\/11\/Autoridades-anuncian-el-saneamiento-de-las-playas-en-la-parroquia-El-Bajo-del-estado-Zulia-3-300x200.jpeg\" alt=\"\" class=\"wp-image-16838\"\/><\/figure>\n<\/div>\n\n\n<p>Destac\u00f3 que dicha acci\u00f3n fue posible por el trabajo en conjunto del Ministerio del Poder Popular para el Ecosocialismo (Minec), el Instituto para el Control y la Conservaci\u00f3n de la Cuenca del Lago de Maracaibo (ICLAM), las Mesas T\u00e9cnicas de Aseo y Reciclaje, Consejo de Pescadores, adem\u00e1s del Poder Popular sumado a Petr\u00f3leos de Venezuela (Pdvsa), con un equipo de especialistas.<\/p>\n\n\n\n<p>\u201cEl despliegue permiti\u00f3 la extracci\u00f3n de desechos comunes y petrolizados en mil 200 metros de costas en las playas Ca\u00f1amao, Emmanuel Fonseca, Los Fern\u00e1ndez y Los P\u00e9rez\u201d, enfatiz\u00f3 Reverol, desde el estado Zulia, donde lleva a cabo su acostumbra agenda de trabajo de la&nbsp;<strong>Comisi\u00f3n Presidencial para el Rescate, Conservaci\u00f3n y Desarrollo Sostenible del Lago de Maracaibo.<\/strong><\/p>\n\n\n\n<h3 class=\"wp-block-heading\"><strong>M\u00e1s de 60 d\u00edas cumpliendo con el Zulia<\/strong><\/h3>\n\n\n\n<p><strong>La Comisi\u00f3n Presidencial para el Rescate, Conservaci\u00f3n y Desarrollo Sostenible del Lago de Maracaibo&nbsp;<\/strong>inici\u00f3 sus labores el pasado 2 de agosto, una semana despu\u00e9s del anuncio del presidente de la Rep\u00fablica, Nicol\u00e1s Maduro sobre la activaci\u00f3n de un plan especial de atenci\u00f3n, descontaminaci\u00f3n y recuperaci\u00f3n de este \u00edcono zuliano.<\/p>\n\n\n<div class=\"wp-block-image\">\n<figure class=\"alignright\"><img decoding=\"async\" src=\"http:\/\/intranet.mppee.gob.ve\/wordpress\/wp-content\/uploads\/2023\/11\/Autoridades-anuncian-el-saneamiento-de-las-playas-en-la-parroquia-El-Bajo-del-estado-Zulia-5-300x200.jpeg\" alt=\"\" class=\"wp-image-16839\"\/><\/figure>\n<\/div>\n\n\n<p>Para cumplir con esta tarea design\u00f3 al&nbsp;<strong>ministro del Poder Popular para la Energ\u00eda El\u00e9ctrica<\/strong>, quien desde ese momento ha cumplido junto a las dem\u00e1s autoridades diversas jornadas de trabajo para avanzar con este compromiso y exigencia de los zulianos.<\/p>\n\n\n\n<p>\u201c\u00a1Lo prometimos y lo estamos cumpliendo: el rescate de nuestro \u00edcono zuliano, el&nbsp;<strong>Lago de Maracaibo<\/strong>!\u201d, dijo Reverol.<\/p>\n\n\n\n<p><strong>Prensa Vpsops<\/strong><\/p>\n","protected":false},"excerpt":{"rendered":"<p>Prensa Vpsops \u2013 (Zulia, 09\/11\/2023).-&nbsp;Playas de la parroquia El Bajo, municipio San Francisco, estado&nbsp;Zulia, fueron saneadas en un 100%, inform\u00f3<\/p>\n","protected":false},"author":22,"featured_media":89935,"comment_status":"closed","ping_status":"closed","sticky":false,"template":"","format":"standard","meta":{"footnotes":""},"categories":[30],"tags":[],"class_list":["post-89934","post","type-post","status-publish","format-standard","has-post-thumbnail","hentry","category-regionales"],"_links":{"self":[{"href":"https:\/\/mppee.gob.ve\/index.php?rest_route=\/wp\/v2\/posts\/89934","targetHints":{"allow":["GET"]}}],"collection":[{"href":"https:\/\/mppee.gob.ve\/index.php?rest_route=\/wp\/v2\/posts"}],"about":[{"href":"https:\/\/mppee.gob.ve\/index.php?rest_route=\/wp\/v2\/types\/post"}],"author":[{"embeddable":true,"href":"https:\/\/mppee.gob.ve\/index.php?rest_route=\/wp\/v2\/users\/22"}],"replies":[{"embeddable":true,"href":"https:\/\/mppee.gob.ve\/index.php?rest_route=%2Fwp%2Fv2%2Fcomments&post=89934"}],"version-history":[{"count":2,"href":"https:\/\/mppee.gob.ve\/index.php?rest_route=\/wp\/v2\/posts\/89934\/revisions"}],"predecessor-version":[{"id":89937,"href":"https:\/\/mppee.gob.ve\/index.php?rest_route=\/wp\/v2\/posts\/89934\/revisions\/89937"}],"wp:featuredmedia":[{"embeddable":true,"href":"https:\/\/mppee.gob.ve\/index.php?rest_route=\/wp\/v2\/media\/89935"}],"wp:attachment":[{"href":"https:\/\/mppee.gob.ve\/index.php?rest_route=%2Fwp%2Fv2%2Fmedia&parent=89934"}],"wp:term":[{"taxonomy":"category","embeddable":true,"href":"https:\/\/mppee.gob.ve\/index.php?rest_route=%2Fwp%2Fv2%2Fcategories&post=89934"},{"taxonomy":"post_tag","embeddable":true,"href":"https:\/\/mppee.gob.ve\/index.php?rest_route=%2Fwp%2Fv2%2Ftags&post=89934"}],"curies":[{"name":"wp","href":"https:\/\/api.w.org\/{rel}","templated":true}]}}