{"id":89951,"date":"2023-11-22T19:38:10","date_gmt":"2023-11-22T19:38:10","guid":{"rendered":"http:\/\/mppee.gob.ve\/?p=89951"},"modified":"2023-11-22T19:38:11","modified_gmt":"2023-11-22T19:38:11","slug":"gobierno-bolivariano-reinaugura-instituto-para-el-control-y-la-conservacion-de-la-cuenca-del-lago-de-maracaibo-en-el-zulia","status":"publish","type":"post","link":"https:\/\/mppee.gob.ve\/?p=89951","title":{"rendered":"Gobierno Bolivariano reinaugura Instituto para el Control y la Conservaci\u00f3n de la Cuenca del Lago de Maracaibo en el Zulia"},"content":{"rendered":"\n<p><strong>Prensa VPSOPS \u2013 (Zulia, 21-11-2023).-&nbsp;<\/strong>El&nbsp;<strong>vicepresidente Sectorial de Obras P\u00fablicas y Servicios, G\/J N\u00e9stor Reverol<\/strong>, reinaugur\u00f3 este mi\u00e9rcoles el&nbsp;<strong>Instituto para el Control y la Conservaci\u00f3n de la Cuenca del Lago de Maracaibo, (ICLAM)<\/strong>, lo que facilitar\u00e1 a\u00fan m\u00e1s las labores de rescate y desarrollo sostenible de la reserva hidrogr\u00e1fica de la regi\u00f3n zuliana.<\/p>\n\n\n<div class=\"wp-block-image\">\n<figure class=\"alignleft\"><img decoding=\"async\" src=\"http:\/\/intranet.mppee.gob.ve\/wordpress\/wp-content\/uploads\/2023\/11\/WhatsApp-Image-2023-11-22-at-2.27.26-PM-300x200.jpeg\" alt=\"\" class=\"wp-image-16868\"\/><\/figure>\n<\/div>\n\n\n<p>Reverol Torres explic\u00f3 que se&nbsp;<strong>rehabilitaron m\u00e1s de 18 mil metros cuadrados<\/strong>&nbsp;para que t\u00e9cnicos- cient\u00edficos y dem\u00e1s autoridades vinculadas a este trabajo de conservaci\u00f3n hidrogr\u00e1fica, realicen el seguimiento de la toma de muestras del reservorio marabino a fin de lograr su recuperaci\u00f3n.<\/p>\n\n\n\n<p>\u201cHoy estamos entregando al ministro de Ecosocialismo y a la presidencia del&nbsp;<strong>ICLAM<\/strong>&nbsp;un instituto completamente rehabilitado\u201d, destac\u00f3 el General en Jefe, quien acot\u00f3 que la adecuaci\u00f3n incluy\u00f3 los espacios del Centro de Informaci\u00f3n y Documentaci\u00f3n, Laboratorios, Centro de Rescate y Conservaci\u00f3n de Fauna Silvestre y Dom\u00e9stica, as\u00ed como la construcci\u00f3n del Auditorio \u201cDr. Heber Villalobos\u201d.<\/p>\n\n\n\n<p>En estos espacios funcionar\u00e1 el&nbsp;<strong>Puesto de Comando de la Comisi\u00f3n Presidencial para el Rescate, Conservaci\u00f3n y Desarrollo Sostenible del Lago de Maracaibo<\/strong>, que a tres meses del inicio de sus gestiones alcanza ese gran logro.<\/p>\n\n\n<div class=\"wp-block-image\">\n<figure class=\"alignright\"><img decoding=\"async\" src=\"http:\/\/intranet.mppee.gob.ve\/wordpress\/wp-content\/uploads\/2023\/11\/WhatsApp-Image-2023-11-22-at-2.27.28-PM-300x198.jpeg\" alt=\"\" class=\"wp-image-16869\"\/><\/figure>\n<\/div>\n\n\n<p>\u201cEstamos en proceso de adquisici\u00f3n de equipos ultramodernos para que sean m\u00e1s efectivos los an\u00e1lisis y la toma de muestras del&nbsp;<strong>Lago de Maracaibo<\/strong>\u201d, asever\u00f3 el tambi\u00e9n Ministro del Poder Popular para la Energ\u00eda El\u00e9ctrica.<\/p>\n\n\n\n<p>Finalmente, agreg\u00f3 que en las instalaciones funcionar\u00e1 el centro de conferencias, monitoreo y seguimiento para exponer todo lo referente al&nbsp;<strong>Plan Maestro<\/strong>&nbsp;instruido por el&nbsp;<strong>presidente de la Rep\u00fablica, Nicol\u00e1s Maduro.<\/strong><\/p>\n\n\n\n<p><strong>Prensa VPSOPS \u2013 Maikel Reyes<\/strong><\/p>\n","protected":false},"excerpt":{"rendered":"<p>Prensa VPSOPS \u2013 (Zulia, 21-11-2023).-&nbsp;El&nbsp;vicepresidente Sectorial de Obras P\u00fablicas y Servicios, G\/J N\u00e9stor Reverol, reinaugur\u00f3 este mi\u00e9rcoles el&nbsp;Instituto para el<\/p>\n","protected":false},"author":22,"featured_media":89952,"comment_status":"closed","ping_status":"closed","sticky":false,"template":"","format":"standard","meta":{"footnotes":""},"categories":[30],"tags":[],"class_list":["post-89951","post","type-post","status-publish","format-standard","has-post-thumbnail","hentry","category-regionales"],"_links":{"self":[{"href":"https:\/\/mppee.gob.ve\/index.php?rest_route=\/wp\/v2\/posts\/89951","targetHints":{"allow":["GET"]}}],"collection":[{"href":"https:\/\/mppee.gob.ve\/index.php?rest_route=\/wp\/v2\/posts"}],"about":[{"href":"https:\/\/mppee.gob.ve\/index.php?rest_route=\/wp\/v2\/types\/post"}],"author":[{"embeddable":true,"href":"https:\/\/mppee.gob.ve\/index.php?rest_route=\/wp\/v2\/users\/22"}],"replies":[{"embeddable":true,"href":"https:\/\/mppee.gob.ve\/index.php?rest_route=%2Fwp%2Fv2%2Fcomments&post=89951"}],"version-history":[{"count":1,"href":"https:\/\/mppee.gob.ve\/index.php?rest_route=\/wp\/v2\/posts\/89951\/revisions"}],"predecessor-version":[{"id":89953,"href":"https:\/\/mppee.gob.ve\/index.php?rest_route=\/wp\/v2\/posts\/89951\/revisions\/89953"}],"wp:featuredmedia":[{"embeddable":true,"href":"https:\/\/mppee.gob.ve\/index.php?rest_route=\/wp\/v2\/media\/89952"}],"wp:attachment":[{"href":"https:\/\/mppee.gob.ve\/index.php?rest_route=%2Fwp%2Fv2%2Fmedia&parent=89951"}],"wp:term":[{"taxonomy":"category","embeddable":true,"href":"https:\/\/mppee.gob.ve\/index.php?rest_route=%2Fwp%2Fv2%2Fcategories&post=89951"},{"taxonomy":"post_tag","embeddable":true,"href":"https:\/\/mppee.gob.ve\/index.php?rest_route=%2Fwp%2Fv2%2Ftags&post=89951"}],"curies":[{"name":"wp","href":"https:\/\/api.w.org\/{rel}","templated":true}]}}