{"id":89972,"date":"2023-11-23T13:03:07","date_gmt":"2023-11-23T13:03:07","guid":{"rendered":"http:\/\/mppee.gob.ve\/?p=89972"},"modified":"2023-11-23T13:03:08","modified_gmt":"2023-11-23T13:03:08","slug":"vicepresidente-sectorial-nestor-reverol-anuncia-mas-de-40-logros-alcanzados-en-los-ultimos-tres-meses-en-el-zulia","status":"publish","type":"post","link":"https:\/\/mppee.gob.ve\/?p=89972","title":{"rendered":"Vicepresidente Sectorial N\u00e9stor Reverol anuncia m\u00e1s de 40 logros alcanzados en los \u00faltimos tres meses en el Zulia"},"content":{"rendered":"\n<p><strong>Prensa VPSOPS (Zulia, 22\/11\/2023).-<\/strong>&nbsp;El&nbsp;<strong>vicepresidente Sectorial de Obras P\u00fablicas y Servicios, G\/J N\u00e9stor Reverol<\/strong>&nbsp;dio a conocer los logros alcanzados en el marco del&nbsp;<strong>Plan Maestro para el Rescate, Conservaci\u00f3n y Desarrollo Sostenible del Lago de Maracaibo<\/strong>, promovido por el&nbsp;<strong>Gobierno Bolivariano.<\/strong><\/p>\n\n\n\n<p>El General en Jefe enumer\u00f3 las principales&nbsp;<strong>victorias para el pueblo zuliano<\/strong>&nbsp;iniciando con la recolecci\u00f3n de 112 mil 876 TON de desechos s\u00f3lidos y petrolizados, la extracci\u00f3n de 43 TON de pasivos ambientales y la sustituci\u00f3n de 400 kil\u00f3metros de tuber\u00edas convencionales por flexibles.<\/p>\n\n\n<div class=\"wp-block-image\">\n<figure class=\"alignleft\"><img decoding=\"async\" src=\"http:\/\/intranet.mppee.gob.ve\/wordpress\/wp-content\/uploads\/2023\/11\/WhatsApp-Image-2023-11-22-at-2.28.55-PM-2-300x200.jpeg\" alt=\"\" class=\"wp-image-16900\"\/><\/figure>\n<\/div>\n\n\n<p>Tambi\u00e9n se incluye la recolecci\u00f3n de 213 TON de desechos s\u00f3lidos con el Plan \u201cPesca tu Pl\u00e1stico\u201d y el abordaje de 7.4 km de costas con la recuperaci\u00f3n de 1,2 Km lineales en El Bajo, saneados por completo.<\/p>\n\n\n\n<p>En materia de&nbsp;<strong>energ\u00eda el\u00e9ctrica<\/strong>&nbsp;entre las metas cumplidas destacan la activaci\u00f3n de la Unidad RU-05, ubicada en la Planta G\/J Rafael Urdaneta y la entrega de 8 mil 945 equipos para el 1\u00d710 del Buen Gobierno. Esta dotaci\u00f3n incluy\u00f3 2 mil 500 luminarias de 150W, m\u00e1s de 50 transformadores, l\u00e1mparas solares y bombillos.<\/p>\n\n\n\n<p>Por otra parte, fueron entregadas 500 luminarias a cada alcald\u00eda, junto a la dotaci\u00f3n de 105 mil bombillos ahorradores distribuidos en los 21 municipios. Igualmente se instalaron 1.679 l\u00e1mparas led a trav\u00e9s del&nbsp;<strong>Plan Integral de Iluminaci\u00f3n de V\u00edas Expresas.<\/strong><\/p>\n\n\n\n<h2 class=\"wp-block-heading\"><strong>Movilizaci\u00f3n para el pueblo<\/strong><\/h2>\n\n\n\n<p>El&nbsp;<strong>Gobierno Bolivariano<\/strong>&nbsp;reinaugur\u00f3 el Terminal de Pasajeros de San Francisco, con capacidad para movilizar a m\u00e1s de un mill\u00f3n 800 mil usuarios al a\u00f1o y se reactivaron adem\u00e1s las rutas del Sistema Integral de Transporte Acu\u00e1tico de Pasajeros, servicio que beneficia a m\u00e1s de 461 mil usuarios.<\/p>\n\n\n\n<h3 class=\"wp-block-heading\"><strong>Bienestar Social para los zulianos<\/strong><\/h3>\n\n\n\n<p>El&nbsp;<strong>Ejecutivo Nacional<\/strong>&nbsp;organiz\u00f3 diferentes Jornadas de Atenci\u00f3n M\u00e9dico Integral, destacando la realizada en la Laguna de Sinamaica y El Bajo, municipio San Francisco.<\/p>\n\n\n\n<p>Asimismo, se entreg\u00f3 totalmente reparada la Unidad Educativa Nacional \u201cRafael Mar\u00eda Baralt y la Bas\u00edlica Santuario de Nuestra Se\u00f1ora del Rosario de Chiquinquir\u00e1.<\/p>\n\n\n<div class=\"wp-block-image\">\n<figure class=\"alignright\"><img decoding=\"async\" src=\"http:\/\/intranet.mppee.gob.ve\/wordpress\/wp-content\/uploads\/2023\/11\/WhatsApp-Image-2023-11-22-at-2.28.54-PM-3-1-300x200.jpeg\" alt=\"\" class=\"wp-image-16901\"\/><\/figure>\n<\/div>\n\n\n<p>En estos primeros tres meses de gesti\u00f3n de la&nbsp;<strong>Comisi\u00f3n Presidencial para el Rescate, Conservaci\u00f3n y Desarrollo Sostenible del Lago de Maracaibo<\/strong>, suma grandes victorias tempranas que son para pueblo zuliano. \u201cY vamos por m\u00e1s\u201d, manifest\u00f3 el G\/J N\u00e9stor Reverol.<\/p>\n\n\n\n<p><strong>Prensa VPSOPS<\/strong><\/p>\n","protected":false},"excerpt":{"rendered":"<p>Prensa VPSOPS (Zulia, 22\/11\/2023).-&nbsp;El&nbsp;vicepresidente Sectorial de Obras P\u00fablicas y Servicios, G\/J N\u00e9stor Reverol&nbsp;dio a conocer los logros alcanzados en el<\/p>\n","protected":false},"author":22,"featured_media":89976,"comment_status":"closed","ping_status":"closed","sticky":false,"template":"","format":"standard","meta":{"footnotes":""},"categories":[30],"tags":[],"class_list":["post-89972","post","type-post","status-publish","format-standard","has-post-thumbnail","hentry","category-regionales"],"_links":{"self":[{"href":"https:\/\/mppee.gob.ve\/index.php?rest_route=\/wp\/v2\/posts\/89972","targetHints":{"allow":["GET"]}}],"collection":[{"href":"https:\/\/mppee.gob.ve\/index.php?rest_route=\/wp\/v2\/posts"}],"about":[{"href":"https:\/\/mppee.gob.ve\/index.php?rest_route=\/wp\/v2\/types\/post"}],"author":[{"embeddable":true,"href":"https:\/\/mppee.gob.ve\/index.php?rest_route=\/wp\/v2\/users\/22"}],"replies":[{"embeddable":true,"href":"https:\/\/mppee.gob.ve\/index.php?rest_route=%2Fwp%2Fv2%2Fcomments&post=89972"}],"version-history":[{"count":1,"href":"https:\/\/mppee.gob.ve\/index.php?rest_route=\/wp\/v2\/posts\/89972\/revisions"}],"predecessor-version":[{"id":89977,"href":"https:\/\/mppee.gob.ve\/index.php?rest_route=\/wp\/v2\/posts\/89972\/revisions\/89977"}],"wp:featuredmedia":[{"embeddable":true,"href":"https:\/\/mppee.gob.ve\/index.php?rest_route=\/wp\/v2\/media\/89976"}],"wp:attachment":[{"href":"https:\/\/mppee.gob.ve\/index.php?rest_route=%2Fwp%2Fv2%2Fmedia&parent=89972"}],"wp:term":[{"taxonomy":"category","embeddable":true,"href":"https:\/\/mppee.gob.ve\/index.php?rest_route=%2Fwp%2Fv2%2Fcategories&post=89972"},{"taxonomy":"post_tag","embeddable":true,"href":"https:\/\/mppee.gob.ve\/index.php?rest_route=%2Fwp%2Fv2%2Ftags&post=89972"}],"curies":[{"name":"wp","href":"https:\/\/api.w.org\/{rel}","templated":true}]}}