{"id":89994,"date":"2023-11-23T15:40:39","date_gmt":"2023-11-23T15:40:39","guid":{"rendered":"http:\/\/mppee.gob.ve\/?p=89994"},"modified":"2023-11-23T15:40:39","modified_gmt":"2023-11-23T15:40:39","slug":"fuerza-trabajadora-del-sector-electrico-felicita-al-presidente-nicolas-maduro-por-su-cumpleanos","status":"publish","type":"post","link":"https:\/\/mppee.gob.ve\/?p=89994","title":{"rendered":"Fuerza trabajadora del sector el\u00e9ctrico felicita al Presidente Nicol\u00e1s Maduro por su cumplea\u00f1os"},"content":{"rendered":"\n<p><strong>Prensa Mppee (Caracas, 23-11-2023).-<\/strong>&nbsp;El&nbsp;<strong>vicepresidente sectorial de Obras P\u00fablicas y Servicios G\/J N\u00e9stor Reverol&nbsp;<\/strong>en nombre de la&nbsp;<strong>fuerza trabajadora del sector el\u00e9ctrico<\/strong>&nbsp;envi\u00f3 este jueves su m\u00e1s sinceras felicitaciones al&nbsp;<strong>presidente de la Rep\u00fablica Bolivariana de Venezuela, Nicol\u00e1s Maduro<\/strong>, con motivo de la celebraci\u00f3n de su cumplea\u00f1os n\u00famero 61.<\/p>\n\n\n\n<p>A trav\u00e9s de una publicaci\u00f3n en su cuenta oficial en Instagram @reverolnestor asegur\u00f3 que el Jefe de Estado ha sido un hombre de di\u00e1logo, compromiso y responsabilidad que gu\u00eda al pa\u00eds por el camino de la prosperidad y crecimiento econ\u00f3mico.<\/p>\n\n\n<div class=\"wp-block-image\">\n<figure class=\"alignright\"><img decoding=\"async\" src=\"http:\/\/intranet.mppee.gob.ve\/wordpress\/wp-content\/uploads\/2023\/11\/WhatsApp-Image-2023-11-23-at-11.27.22-AM-1-300x298.jpeg\" alt=\"\" class=\"wp-image-16921\"\/><\/figure>\n<\/div>\n\n\n<p>\u201cSuma un a\u00f1o m\u00e1s a su liderazgo y dedicaci\u00f3n absoluta en la defensa de los intereses de la Patria y sus ciudadanos\u201d, escribi\u00f3.<\/p>\n\n\n\n<p>Vale destacar que personalidades, organizaciones de&nbsp;<strong>Venezuela<\/strong>&nbsp;y el mundo han felicitado este jueves al Mandatario Nacional, en ocasi\u00f3n de su&nbsp;<strong>cumplea\u00f1os<\/strong>.<\/p>\n\n\n\n<p>El&nbsp;<strong>Presidente Maduro<\/strong>&nbsp;con su liderazgo y dedicaci\u00f3n absoluta ha defendido los intereses de la Patria y a la consagraci\u00f3n de la dignidad de todo el pueblo venezolano. Sigue demostrando ser un hombre democr\u00e1tico, fiel al di\u00e1logo, lleno de humildad y defensor de la naci\u00f3n, que ha enfrentado a las mil batallas multiformes que se traducen en sanciones, bloqueos e injerencias durante su mandato.<\/p>\n\n\n\n<p><strong>Prensa Mppee<\/strong><\/p>\n","protected":false},"excerpt":{"rendered":"<p>Prensa Mppee (Caracas, 23-11-2023).-&nbsp;El&nbsp;vicepresidente sectorial de Obras P\u00fablicas y Servicios G\/J N\u00e9stor Reverol&nbsp;en nombre de la&nbsp;fuerza trabajadora del sector el\u00e9ctrico&nbsp;envi\u00f3<\/p>\n","protected":false},"author":22,"featured_media":89995,"comment_status":"closed","ping_status":"closed","sticky":false,"template":"","format":"standard","meta":{"footnotes":""},"categories":[15],"tags":[],"class_list":["post-89994","post","type-post","status-publish","format-standard","has-post-thumbnail","hentry","category-nacionales"],"_links":{"self":[{"href":"https:\/\/mppee.gob.ve\/index.php?rest_route=\/wp\/v2\/posts\/89994","targetHints":{"allow":["GET"]}}],"collection":[{"href":"https:\/\/mppee.gob.ve\/index.php?rest_route=\/wp\/v2\/posts"}],"about":[{"href":"https:\/\/mppee.gob.ve\/index.php?rest_route=\/wp\/v2\/types\/post"}],"author":[{"embeddable":true,"href":"https:\/\/mppee.gob.ve\/index.php?rest_route=\/wp\/v2\/users\/22"}],"replies":[{"embeddable":true,"href":"https:\/\/mppee.gob.ve\/index.php?rest_route=%2Fwp%2Fv2%2Fcomments&post=89994"}],"version-history":[{"count":1,"href":"https:\/\/mppee.gob.ve\/index.php?rest_route=\/wp\/v2\/posts\/89994\/revisions"}],"predecessor-version":[{"id":89996,"href":"https:\/\/mppee.gob.ve\/index.php?rest_route=\/wp\/v2\/posts\/89994\/revisions\/89996"}],"wp:featuredmedia":[{"embeddable":true,"href":"https:\/\/mppee.gob.ve\/index.php?rest_route=\/wp\/v2\/media\/89995"}],"wp:attachment":[{"href":"https:\/\/mppee.gob.ve\/index.php?rest_route=%2Fwp%2Fv2%2Fmedia&parent=89994"}],"wp:term":[{"taxonomy":"category","embeddable":true,"href":"https:\/\/mppee.gob.ve\/index.php?rest_route=%2Fwp%2Fv2%2Fcategories&post=89994"},{"taxonomy":"post_tag","embeddable":true,"href":"https:\/\/mppee.gob.ve\/index.php?rest_route=%2Fwp%2Fv2%2Ftags&post=89994"}],"curies":[{"name":"wp","href":"https:\/\/api.w.org\/{rel}","templated":true}]}}