{"id":89997,"date":"2023-11-27T19:04:52","date_gmt":"2023-11-27T19:04:52","guid":{"rendered":"http:\/\/mppee.gob.ve\/?p=89997"},"modified":"2023-11-27T19:04:53","modified_gmt":"2023-11-27T19:04:53","slug":"organismos-de-seguridad-y-mppee-alertas-ante-posible-sabotaje-al-sen-durante-referendo-consultivo-el-3-d","status":"publish","type":"post","link":"https:\/\/mppee.gob.ve\/?p=89997","title":{"rendered":"Organismos de Seguridad y Mppee alertas ante posible sabotaje al SEN durante Referendo Consultivo el 3-D"},"content":{"rendered":"\n<p><strong>Prensa Mppee (Caracas, 27-11-2023).-<\/strong>&nbsp;La&nbsp;<strong>vicepresidenta Ejecutiva de la Rep\u00fablica, Delcy Rodr\u00edguez,<\/strong>&nbsp;inform\u00f3 este lunes que&nbsp;<strong>los Organismos de Seguridad del Estado<\/strong>&nbsp;junto al&nbsp;<strong>Ministerio del Poder Popular para la Energ\u00eda El\u00e9ctrica<\/strong>&nbsp;se encuentran articulados ante cualquier eventualidad con este importante servicio, durante el&nbsp;<strong>Referendo Consultivo<\/strong>&nbsp;del pr\u00f3ximo tres de diciembre en&nbsp;<strong>defensa del Esequibo.<\/strong><\/p>\n\n\n\n<p>\u201cHemos abordado potenciales planes de sabotaje al evento electoral, planes de sabotaje del servicio el\u00e9ctrico, as\u00ed que ya nuestros organismos de seguridad est\u00e1n conectados y articulados con el&nbsp;<strong>vicepresidente Sectorial de Obras P\u00fablicas y Servicios y ministro de Energ\u00eda El\u00e9ctrica, N\u00e9stor Reverol<\/strong>, para abordar cualquier tipo de situaci\u00f3n que pretenda coartar el derecho de nuestra poblaci\u00f3n a este servicio vital\u201d, expres\u00f3 Rodr\u00edguez durante una reuni\u00f3n de Consejo de Vicepresidentes Sectoriales.<\/p>\n\n\n<div class=\"wp-block-image\">\n<figure class=\"alignright\"><img decoding=\"async\" src=\"http:\/\/intranet.mppee.gob.ve\/wordpress\/wp-content\/uploads\/2023\/11\/WhatsApp-Image-2023-11-27-at-2.34.05-PM-1-300x225.jpeg\" alt=\"\" class=\"wp-image-16927\"\/><\/figure>\n<\/div>\n\n\n<p>En ese sentido, recalc\u00f3 que en el estado Bol\u00edvar, espec\u00edficamente en la ciudad de Puerto Ordaz, sustrajeron los pernos de una de las&nbsp;<strong>torres de transmisi\u00f3n<\/strong>, lo que ocasion\u00f3 que cayera.<\/p>\n\n\n\n<p>\u201cAfortunadamente gracias a las labores de los&nbsp;<strong>trabajadores de Corpoelec<\/strong>, pudo recuperarse el servicio de manera perentoria y ya tenemos previsto esta semana tener nuevamente esa torre en pie\u201d, afirm\u00f3.<\/p>\n\n\n\n<p>La&nbsp;<strong>Vicepresidenta Ejecutiva<\/strong>&nbsp;envi\u00f3 un contundente mensaje a factores nacionales e internacionales que est\u00e9n pensando en sabotear el servicio el\u00e9ctrico durante los comicios.<\/p>\n\n\n\n<p>\u201cEstamos encima de los servicios esenciales para que eventos como estos no se produzcan y pueda la poblaci\u00f3n estar tranquila. Tengan garant\u00eda de que el 3 de diciembre todos y todas vamos a votar en esta fiesta democr\u00e1tica\u201d, concluy\u00f3.<\/p>\n\n\n\n<h3 class=\"wp-block-heading\"><strong>Nuevo ataque al SEN<\/strong><\/h3>\n\n\n\n<p>Por su parte<strong>, el vicepresidente Sectorial de Obras P\u00fablicas y Servicios, G\/J N\u00e9stor Reverol<\/strong>, detall\u00f3 a trav\u00e9s de su cuenta oficial en Twitter que el nuevo ataque al Sistema El\u00e9ctrico Nacional (SEN) se produjo en la L\u00ednea Macagua-Orinoco 1 y 2 de 115 kV, en Bol\u00edvar, con la ca\u00edda de la torre N\u00b0 16 producto de vandalismo, al extraer los tornillos de los perfiles que son vitales para mantener la estructura el\u00e9ctrica.<\/p>\n\n\n\n<p>Precis\u00f3 que la fuerza trabajadora de la&nbsp;<strong>Corporaci\u00f3n El\u00e9ctrica Nacional<\/strong>&nbsp;restituy\u00f3 el servicio el\u00e9ctrico en Puerto Ordaz y San F\u00e9lix.<\/p>\n\n\n\n<p><strong>Prensa Mppee<\/strong><\/p>\n","protected":false},"excerpt":{"rendered":"<p>Prensa Mppee (Caracas, 27-11-2023).-&nbsp;La&nbsp;vicepresidenta Ejecutiva de la Rep\u00fablica, Delcy Rodr\u00edguez,&nbsp;inform\u00f3 este lunes que&nbsp;los Organismos de Seguridad del Estado&nbsp;junto al&nbsp;Ministerio del<\/p>\n","protected":false},"author":22,"featured_media":89998,"comment_status":"closed","ping_status":"closed","sticky":false,"template":"","format":"standard","meta":{"footnotes":""},"categories":[15],"tags":[11],"class_list":["post-89997","post","type-post","status-publish","format-standard","has-post-thumbnail","hentry","category-nacionales","tag-mppee"],"_links":{"self":[{"href":"https:\/\/mppee.gob.ve\/index.php?rest_route=\/wp\/v2\/posts\/89997","targetHints":{"allow":["GET"]}}],"collection":[{"href":"https:\/\/mppee.gob.ve\/index.php?rest_route=\/wp\/v2\/posts"}],"about":[{"href":"https:\/\/mppee.gob.ve\/index.php?rest_route=\/wp\/v2\/types\/post"}],"author":[{"embeddable":true,"href":"https:\/\/mppee.gob.ve\/index.php?rest_route=\/wp\/v2\/users\/22"}],"replies":[{"embeddable":true,"href":"https:\/\/mppee.gob.ve\/index.php?rest_route=%2Fwp%2Fv2%2Fcomments&post=89997"}],"version-history":[{"count":1,"href":"https:\/\/mppee.gob.ve\/index.php?rest_route=\/wp\/v2\/posts\/89997\/revisions"}],"predecessor-version":[{"id":89999,"href":"https:\/\/mppee.gob.ve\/index.php?rest_route=\/wp\/v2\/posts\/89997\/revisions\/89999"}],"wp:featuredmedia":[{"embeddable":true,"href":"https:\/\/mppee.gob.ve\/index.php?rest_route=\/wp\/v2\/media\/89998"}],"wp:attachment":[{"href":"https:\/\/mppee.gob.ve\/index.php?rest_route=%2Fwp%2Fv2%2Fmedia&parent=89997"}],"wp:term":[{"taxonomy":"category","embeddable":true,"href":"https:\/\/mppee.gob.ve\/index.php?rest_route=%2Fwp%2Fv2%2Fcategories&post=89997"},{"taxonomy":"post_tag","embeddable":true,"href":"https:\/\/mppee.gob.ve\/index.php?rest_route=%2Fwp%2Fv2%2Ftags&post=89997"}],"curies":[{"name":"wp","href":"https:\/\/api.w.org\/{rel}","templated":true}]}}