{"id":90008,"date":"2023-12-02T00:26:45","date_gmt":"2023-12-02T00:26:45","guid":{"rendered":"http:\/\/mppee.gob.ve\/?p=90008"},"modified":"2023-12-02T00:26:46","modified_gmt":"2023-12-02T00:26:46","slug":"activado-estado-mayor-electrico-en-defensa-del-esequibo","status":"publish","type":"post","link":"https:\/\/mppee.gob.ve\/?p=90008","title":{"rendered":"Activado Estado Mayor El\u00e9ctrico en defensa del Esequibo"},"content":{"rendered":"\n<p><strong>Prensa Mppee (Caracas, 01\/12\/2023).-<\/strong>&nbsp;De cara al&nbsp;<strong>refer\u00e9ndum consultivo sobre el Esequibo<\/strong>, que se llevar\u00e1 a cabo el pr\u00f3ximo 3 de diciembre, la&nbsp;<strong>fuerza trabajadora del sector el\u00e9ctrico<\/strong>&nbsp;asisti\u00f3 a un conversatorio para conocer m\u00e1s detalles de esta zona reclama Venezuela en defensa de su soberan\u00eda.<\/p>\n\n\n<div class=\"wp-block-image\">\n<figure class=\"alignleft\"><img decoding=\"async\" src=\"http:\/\/intranet.mppee.gob.ve\/wordpress\/wp-content\/uploads\/2023\/12\/WhatsApp-Image-2023-12-01-at-8.19.18-PM-1-300x200.jpeg\" alt=\"\" class=\"wp-image-16947\"\/><\/figure>\n<\/div>\n\n\n<p>La actividad, que se llev\u00f3 a cabo en la sede del&nbsp;<strong>Ministerio del Poder Popular para la Energ\u00eda El\u00e9ctrica (Mppee)<\/strong>, en San Bernardino, Caracas, estuvo liderada por&nbsp;<strong>Nuris Perozo<\/strong>, viceministra para la Articulaci\u00f3n y Participaci\u00f3n Social en el Servicio El\u00e9ctrico; y el presidente de la Corporaci\u00f3n El\u00e9ctrica Nacional (Corpoelec),&nbsp;<strong>Ingeniero Jos\u00e9 Luis Betancourt.<\/strong><\/p>\n\n\n\n<p>Tambi\u00e9n cont\u00f3 con la ponencia del diputado a la Asamblea Nacional (AN) y presidente de la Comisi\u00f3n para la defensa del Esequibo, Hermann Escarr\u00e1, quien destac\u00f3 que Venezuela no puede perder m\u00e1s territorio de su espacio geogr\u00e1fico.<\/p>\n\n\n\n<p>\u201cPor eso debemos ir todos este&nbsp;<strong>3 de diciembre<\/strong>&nbsp;a votar por lo nuestro, por nuestra patria\u201d, expres\u00f3.<\/p>\n\n\n<div class=\"wp-block-image\">\n<figure class=\"alignright\"><img decoding=\"async\" src=\"http:\/\/intranet.mppee.gob.ve\/wordpress\/wp-content\/uploads\/2023\/12\/WhatsApp-Image-2023-12-01-at-8.19.17-PM-3-300x200.jpeg\" alt=\"\" class=\"wp-image-16948\"\/><\/figure>\n<\/div>\n\n\n<p>Al conversatorio tambi\u00e9n asisti\u00f3 el vicepresidente de la mencionada Comisi\u00f3n, William Fari\u00f1as, quien destac\u00f3 la posici\u00f3n del Estado es el Acuerdo de Ginebra, y no, por el Laudo Arbitral de Par\u00eds de 1899.<\/p>\n\n\n\n<p>Esta sentencia \u201cpretende despojarnos la&nbsp;<strong>Guayana Esequiba<\/strong>&nbsp;(\u2026) Y eso no lo debemos permitir, debemos defenderla el 3 de diciembre\u201d, concluy\u00f3 Fari\u00f1as.<\/p>\n\n\n\n<p><strong>Prensa Mppee-Aliarly Carrillo<\/strong><\/p>\n","protected":false},"excerpt":{"rendered":"<p>Prensa Mppee (Caracas, 01\/12\/2023).-&nbsp;De cara al&nbsp;refer\u00e9ndum consultivo sobre el Esequibo, que se llevar\u00e1 a cabo el pr\u00f3ximo 3 de diciembre,<\/p>\n","protected":false},"author":22,"featured_media":90009,"comment_status":"closed","ping_status":"closed","sticky":false,"template":"","format":"standard","meta":{"footnotes":""},"categories":[15],"tags":[],"class_list":["post-90008","post","type-post","status-publish","format-standard","has-post-thumbnail","hentry","category-nacionales"],"_links":{"self":[{"href":"https:\/\/mppee.gob.ve\/index.php?rest_route=\/wp\/v2\/posts\/90008","targetHints":{"allow":["GET"]}}],"collection":[{"href":"https:\/\/mppee.gob.ve\/index.php?rest_route=\/wp\/v2\/posts"}],"about":[{"href":"https:\/\/mppee.gob.ve\/index.php?rest_route=\/wp\/v2\/types\/post"}],"author":[{"embeddable":true,"href":"https:\/\/mppee.gob.ve\/index.php?rest_route=\/wp\/v2\/users\/22"}],"replies":[{"embeddable":true,"href":"https:\/\/mppee.gob.ve\/index.php?rest_route=%2Fwp%2Fv2%2Fcomments&post=90008"}],"version-history":[{"count":1,"href":"https:\/\/mppee.gob.ve\/index.php?rest_route=\/wp\/v2\/posts\/90008\/revisions"}],"predecessor-version":[{"id":90010,"href":"https:\/\/mppee.gob.ve\/index.php?rest_route=\/wp\/v2\/posts\/90008\/revisions\/90010"}],"wp:featuredmedia":[{"embeddable":true,"href":"https:\/\/mppee.gob.ve\/index.php?rest_route=\/wp\/v2\/media\/90009"}],"wp:attachment":[{"href":"https:\/\/mppee.gob.ve\/index.php?rest_route=%2Fwp%2Fv2%2Fmedia&parent=90008"}],"wp:term":[{"taxonomy":"category","embeddable":true,"href":"https:\/\/mppee.gob.ve\/index.php?rest_route=%2Fwp%2Fv2%2Fcategories&post=90008"},{"taxonomy":"post_tag","embeddable":true,"href":"https:\/\/mppee.gob.ve\/index.php?rest_route=%2Fwp%2Fv2%2Ftags&post=90008"}],"curies":[{"name":"wp","href":"https:\/\/api.w.org\/{rel}","templated":true}]}}