{"id":90011,"date":"2023-12-02T00:42:17","date_gmt":"2023-12-02T00:42:17","guid":{"rendered":"http:\/\/mppee.gob.ve\/?p=90011"},"modified":"2023-12-02T00:42:18","modified_gmt":"2023-12-02T00:42:18","slug":"corpoelec-instala-mas-de-7-mil-luminarias-a-traves-del-plan-integral-de-vias-expresas-en-la-guaira","status":"publish","type":"post","link":"https:\/\/mppee.gob.ve\/?p=90011","title":{"rendered":"Corpoelec Instala m\u00e1s de 7 mil luminarias a trav\u00e9s del Plan Integral de V\u00edas Expresas en La Guaira"},"content":{"rendered":"\n<p><strong>Prensa MPPEE \u2013 (La Guaira, 01-12-2023).-<\/strong>&nbsp;La&nbsp;<strong>fuerza trabajadora de la Corporaci\u00f3n El\u00e9ctrica Nacional (Corpoelec)&nbsp;<\/strong>del estado&nbsp;<strong>La Guaira<\/strong>, instal\u00f3 m\u00e1s de siete mil luminarias a trav\u00e9s del&nbsp;<strong>Plan Integral de V\u00edas Expresas<\/strong>&nbsp;dando respuesta inmediata a las solicitudes del pueblo a trav\u00e9s del&nbsp;<strong>1\u00d710 del Buen Gobierno.<\/strong><\/p>\n\n\n<div class=\"wp-block-image\">\n<figure class=\"alignleft\"><img decoding=\"async\" src=\"http:\/\/intranet.mppee.gob.ve\/wordpress\/wp-content\/uploads\/2023\/12\/WhatsApp-Image-2023-12-01-at-8.32.54-PM-300x200.jpeg\" alt=\"\" class=\"wp-image-16952\"\/><\/figure>\n<\/div>\n\n\n<p>La informaci\u00f3n la dio a conocer&nbsp;<strong>el Gerente General de Distribuci\u00f3n, Maikel Condalez<\/strong>, quien asever\u00f3 que la fuerza trabajadora del sector el\u00e9ctrico continuar\u00e1 desplegada en toda la entidad.<\/p>\n\n\n\n<p>\u201cPor instrucciones de nuestro ministro&nbsp;<strong>N\u00e9stor Reverol<\/strong>, la fuerza trabajadora del sector el\u00e9ctrico avanza en la colocaci\u00f3n de luminarias, en las estructuras viales del estado La Guaria, a fin de cumplir con las expectativas del pueblo guaire\u00f1o\u201d, expres\u00f3 Condalez desde Caraballeda.<\/p>\n\n\n\n<p>Vale destacar que el&nbsp;<strong>Gobierno Bolivariano<\/strong>, liderado por el&nbsp;<strong>presidente constitucional, Nicol\u00e1s Maduro<\/strong>&nbsp;a trav\u00e9s del&nbsp;<strong>Ministerio del Poder Popular para la Energ\u00eda El\u00e9ctrica (Mppee),<\/strong>&nbsp;avanza en el impulso de las pol\u00edticas p\u00fablicas para fortalecer este servicio p\u00fablico esencial para el pueblo venezolano.<\/p>\n\n\n\n<p>Prensa MPPEE-Maikel Reyes<\/p>\n","protected":false},"excerpt":{"rendered":"<p>Prensa MPPEE \u2013 (La Guaira, 01-12-2023).-&nbsp;La&nbsp;fuerza trabajadora de la Corporaci\u00f3n El\u00e9ctrica Nacional (Corpoelec)&nbsp;del estado&nbsp;La Guaira, instal\u00f3 m\u00e1s de siete mil<\/p>\n","protected":false},"author":22,"featured_media":90012,"comment_status":"closed","ping_status":"closed","sticky":false,"template":"","format":"standard","meta":{"footnotes":""},"categories":[30],"tags":[],"class_list":["post-90011","post","type-post","status-publish","format-standard","has-post-thumbnail","hentry","category-regionales"],"_links":{"self":[{"href":"https:\/\/mppee.gob.ve\/index.php?rest_route=\/wp\/v2\/posts\/90011","targetHints":{"allow":["GET"]}}],"collection":[{"href":"https:\/\/mppee.gob.ve\/index.php?rest_route=\/wp\/v2\/posts"}],"about":[{"href":"https:\/\/mppee.gob.ve\/index.php?rest_route=\/wp\/v2\/types\/post"}],"author":[{"embeddable":true,"href":"https:\/\/mppee.gob.ve\/index.php?rest_route=\/wp\/v2\/users\/22"}],"replies":[{"embeddable":true,"href":"https:\/\/mppee.gob.ve\/index.php?rest_route=%2Fwp%2Fv2%2Fcomments&post=90011"}],"version-history":[{"count":1,"href":"https:\/\/mppee.gob.ve\/index.php?rest_route=\/wp\/v2\/posts\/90011\/revisions"}],"predecessor-version":[{"id":90013,"href":"https:\/\/mppee.gob.ve\/index.php?rest_route=\/wp\/v2\/posts\/90011\/revisions\/90013"}],"wp:featuredmedia":[{"embeddable":true,"href":"https:\/\/mppee.gob.ve\/index.php?rest_route=\/wp\/v2\/media\/90012"}],"wp:attachment":[{"href":"https:\/\/mppee.gob.ve\/index.php?rest_route=%2Fwp%2Fv2%2Fmedia&parent=90011"}],"wp:term":[{"taxonomy":"category","embeddable":true,"href":"https:\/\/mppee.gob.ve\/index.php?rest_route=%2Fwp%2Fv2%2Fcategories&post=90011"},{"taxonomy":"post_tag","embeddable":true,"href":"https:\/\/mppee.gob.ve\/index.php?rest_route=%2Fwp%2Fv2%2Ftags&post=90011"}],"curies":[{"name":"wp","href":"https:\/\/api.w.org\/{rel}","templated":true}]}}