{"id":90014,"date":"2023-12-03T22:58:53","date_gmt":"2023-12-03T22:58:53","guid":{"rendered":"http:\/\/mppee.gob.ve\/?p=90014"},"modified":"2023-12-03T22:58:53","modified_gmt":"2023-12-03T22:58:53","slug":"mas-de-8-mil-trabajadores-de-corpoelec-desplegados-en-el-pais-para-garantizar-un-eficiente-servicio-en-la-jornada-electoral","status":"publish","type":"post","link":"https:\/\/mppee.gob.ve\/?p=90014","title":{"rendered":"M\u00e1s de 8 mil trabajadores de Corpoelec desplegados en el pa\u00eds para garantizar un eficiente servicio en la jornada electoral"},"content":{"rendered":"<p style=\"text-align: justify;\"><img loading=\"lazy\" decoding=\"async\" class=\"wp-image-90023 alignleft\" src=\"http:\/\/mppee.gob.ve\/wp-content\/uploads\/2023\/12\/Mas-de-8-mil-trabajadores-de-Corpoelec-desplegados-en-el-pais-para-garantizar-un-eficiente-servicio-en-la-jornada-electoral-9.jpg\" alt=\"\" width=\"300\" height=\"198\" \/>Un total de 8 mil 709 trabajadores junto a 942 cuadrillas de la Corporaci\u00f3n El\u00e9ctrica Nacional (Corpoelec) se desplegaron en 198 Centros de Servicios de todo el pa\u00eds, con el fin de garantizar el servicio durante la celebraci\u00f3n del Referendo Consultivo sobre el Esequibo, que se llev\u00f3 a cabo este domingo.<\/p>\n<p>As\u00ed lo inform\u00f3 el vicepresidente Sectorial de Obras P\u00fablicas y Servicios, G\/J N\u00e9stor Reverol, desde el Centro Nacional de Despacho donde se monitorearon las \u00e1reas medulares del Sistema El\u00e9ctrico Nacional (SEN).<\/p>\n<p><b>\u201cEstoy con el personal de guardia que monitorea durante las 24 horas del d\u00eda el sistema a fin de garantizar la seguridad, estabilidad y confiabilidad, para que se cumpla de manera efectiva esta jornada electoral por nuestro Esequibo\u201d,<\/b>\u00a0expres\u00f3.<img loading=\"lazy\" decoding=\"async\" class=\"wp-image-90024 alignright\" src=\"http:\/\/mppee.gob.ve\/wp-content\/uploads\/2023\/12\/Mas-de-8-mil-trabajadores-de-Corpoelec-desplegados-en-el-pais-para-garantizar-un-eficiente-servicio-en-la-jornada-electoral.jpg\" alt=\"\" width=\"300\" height=\"213\" \/><\/p>\n<p>El tambi\u00e9n ministro del Poder Popular para la Energ\u00eda El\u00e9ctrica (Mppee) verific\u00f3 el funcionamiento de las instalaciones del SEN, a trav\u00e9s del monitoreo con 624 c\u00e1maras, que permiten establecer un Plan de Alerta Temprana.\u00a0<b>\u201cHemos supervisado las 148 subestaciones nodales priorizadas con la fuerza trabajadora de Corpoelec para visibilizar en tiempo real su operatividad, cuando se celebra un hecho in\u00e9dito donde todos los venezolanos nos unimos por la defensa del Esequibo\u201d.<\/b><\/p>\n<p><b><i>\u201cDefendamos el Esequibo\u201d<\/i><\/b><img loading=\"lazy\" decoding=\"async\" class=\"wp-image-90019 alignleft\" src=\"http:\/\/mppee.gob.ve\/wp-content\/uploads\/2023\/12\/Mas-de-8-mil-trabajadores-de-Corpoelec-desplegados-en-el-pais-para-garantizar-un-eficiente-servicio-en-la-jornada-electoral-5.jpg\" alt=\"\" width=\"300\" height=\"200\" \/><\/p>\n<p>El vicepresidente Reverol hizo un llamado a la poblaci\u00f3n a participar en esta jornada electoral en defensa del Esequibo y para ratificarle al mundo que Venezuela es una naci\u00f3n libre y soberana.<\/p>\n<p><b>\u201cHoy los venezolanos salimos en familia a fortalecer la democracia, a ejercer este derecho establecido en la Constituci\u00f3n de la Rep\u00fablica Bolivariana de Venezuela, porque nos asiste la raz\u00f3n y la historia sobre este territorio que es nuestro\u201d<\/b>, concluy\u00f3 Reverol, tras ejercer su derecho al voto en compa\u00f1\u00eda de su esposa Stephani Sartori.<\/p>\n<p><b>Prensa Mppee<\/b><\/p>\n","protected":false},"excerpt":{"rendered":"<p>Un total de 8 mil 709 trabajadores junto a 942 cuadrillas de la Corporaci\u00f3n El\u00e9ctrica Nacional (Corpoelec) se desplegaron en<\/p>\n","protected":false},"author":12,"featured_media":90021,"comment_status":"closed","ping_status":"closed","sticky":false,"template":"","format":"standard","meta":{"footnotes":""},"categories":[15],"tags":[11],"class_list":["post-90014","post","type-post","status-publish","format-standard","has-post-thumbnail","hentry","category-nacionales","tag-mppee"],"_links":{"self":[{"href":"https:\/\/mppee.gob.ve\/index.php?rest_route=\/wp\/v2\/posts\/90014","targetHints":{"allow":["GET"]}}],"collection":[{"href":"https:\/\/mppee.gob.ve\/index.php?rest_route=\/wp\/v2\/posts"}],"about":[{"href":"https:\/\/mppee.gob.ve\/index.php?rest_route=\/wp\/v2\/types\/post"}],"author":[{"embeddable":true,"href":"https:\/\/mppee.gob.ve\/index.php?rest_route=\/wp\/v2\/users\/12"}],"replies":[{"embeddable":true,"href":"https:\/\/mppee.gob.ve\/index.php?rest_route=%2Fwp%2Fv2%2Fcomments&post=90014"}],"version-history":[{"count":1,"href":"https:\/\/mppee.gob.ve\/index.php?rest_route=\/wp\/v2\/posts\/90014\/revisions"}],"predecessor-version":[{"id":90025,"href":"https:\/\/mppee.gob.ve\/index.php?rest_route=\/wp\/v2\/posts\/90014\/revisions\/90025"}],"wp:featuredmedia":[{"embeddable":true,"href":"https:\/\/mppee.gob.ve\/index.php?rest_route=\/wp\/v2\/media\/90021"}],"wp:attachment":[{"href":"https:\/\/mppee.gob.ve\/index.php?rest_route=%2Fwp%2Fv2%2Fmedia&parent=90014"}],"wp:term":[{"taxonomy":"category","embeddable":true,"href":"https:\/\/mppee.gob.ve\/index.php?rest_route=%2Fwp%2Fv2%2Fcategories&post=90014"},{"taxonomy":"post_tag","embeddable":true,"href":"https:\/\/mppee.gob.ve\/index.php?rest_route=%2Fwp%2Fv2%2Ftags&post=90014"}],"curies":[{"name":"wp","href":"https:\/\/api.w.org\/{rel}","templated":true}]}}