{"id":90030,"date":"2023-12-07T03:05:01","date_gmt":"2023-12-07T03:05:01","guid":{"rendered":"http:\/\/mppee.gob.ve\/?p=90030"},"modified":"2023-12-07T03:05:02","modified_gmt":"2023-12-07T03:05:02","slug":"fuerza-trabajadora-del-sen-recibe-la-navidad-con-gran-compartir-navideno-2023-y-encendido-de-la-cruz-del-mppee","status":"publish","type":"post","link":"https:\/\/mppee.gob.ve\/?p=90030","title":{"rendered":"Fuerza trabajadora del SEN recibe la Navidad con Gran Compartir Navide\u00f1o 2023 y Encendido de la Cruz del MPPEE"},"content":{"rendered":"\n<p><strong>Prensa Mppee (Caracas, 06\/12\/2023).-<\/strong>&nbsp;La&nbsp;<strong>fuerza trabajadora del Ministerio del Poder Popular para la Energ\u00eda El\u00e9ctrica (Mppee)<\/strong>&nbsp;dio inicio a las&nbsp;<strong>festividades decembrinas<\/strong>&nbsp;con el&nbsp;<strong>Gran Compartir Navide\u00f1o 2023 y Encendido de la Cruz<\/strong>&nbsp;de la instituci\u00f3n, en su sede ubicada en San Bernardino, Caracas.<\/p>\n\n\n<div class=\"wp-block-image\">\n<figure class=\"alignright\"><img decoding=\"async\" src=\"http:\/\/intranet.mppee.gob.ve\/wordpress\/wp-content\/uploads\/2023\/12\/WhatsApp-Image-2023-12-06-at-10.03.08-PM-300x200.jpeg\" alt=\"\" class=\"wp-image-16974\"\/><\/figure>\n<\/div>\n\n\n<p>En esta actividad, promovida por la&nbsp;<strong>Asociaci\u00f3n Civil de los Trabajadores del Mppee (Asoelec),<\/strong>&nbsp;asistieron diversas agrupaciones como El Jeque y su Banda; Los Sobra\u2019os; Cardenales del \u00c9xito, Omar Acedo; Omar Enrique y Bonny Cepeda.<\/p>\n\n\n\n<p>Asimismo, m\u00e1s de 20 emprendedores tuvieron la oportunidad de exponer productos como dulces, comida, ropa, maquillaje y otros.<\/p>\n\n\n\n<p>Entre ellos estaba Kerly Romero, perteneciente a la Gerencia General de Fuentes Alternas y Uso&nbsp;<strong>Responsable de la Energ\u00eda El\u00e9ctrica (Fauree) de Corpoelec<\/strong>, quien tuvo la oportunidad de vender una gran variedad de frutos secos.<\/p>\n\n\n\n<p>\u201cEstoy muy contenta de que la instituci\u00f3n me diera la oportunidad de mostrar mi producto, y a su vez, que todos los trabajadores podamos disfrutar de este evento\u201d, expres\u00f3.<\/p>\n\n\n<div class=\"wp-block-image\">\n<figure class=\"alignleft\"><img decoding=\"async\" src=\"http:\/\/intranet.mppee.gob.ve\/wordpress\/wp-content\/uploads\/2023\/12\/WhatsApp-Image-2023-12-06-at-10.00.10-PM-1-300x200.jpeg\" alt=\"\" class=\"wp-image-16973\"\/><\/figure>\n<\/div>\n\n\n<p>Por su parte, Ang\u00e9lica Crespo de Atenci\u00f3n al Ciudadano, destac\u00f3 que es una \u201cexcelente oportunidad de promocionar el emprendimiento de las familias de la Estatal el\u00e9ctrica\u201d.<\/p>\n\n\n\n<p>Otra de las emprendedoras fue Anyer Vel\u00e1squez, quien forma parte de la Oficina Atenci\u00f3n al Ciudadano de Corpoelec y que ofreci\u00f3 dulces<\/p>\n\n\n\n<p>\u201cEsta es una gran oportunidad para todos y al mismo tiempo compartimos con nuestros compa\u00f1eros, m\u00e1s a\u00fan en estas fechas que nos llama a la uni\u00f3n, al encuentro y el amor\u201d, dijo.<\/p>\n\n\n\n<p>Prensa Mppee \u2013 Aliarly Carrillo<\/p>\n","protected":false},"excerpt":{"rendered":"<p>Prensa Mppee (Caracas, 06\/12\/2023).-&nbsp;La&nbsp;fuerza trabajadora del Ministerio del Poder Popular para la Energ\u00eda El\u00e9ctrica (Mppee)&nbsp;dio inicio a las&nbsp;festividades decembrinas&nbsp;con el&nbsp;Gran<\/p>\n","protected":false},"author":22,"featured_media":90031,"comment_status":"closed","ping_status":"closed","sticky":false,"template":"","format":"standard","meta":{"footnotes":""},"categories":[15],"tags":[11],"class_list":["post-90030","post","type-post","status-publish","format-standard","has-post-thumbnail","hentry","category-nacionales","tag-mppee"],"_links":{"self":[{"href":"https:\/\/mppee.gob.ve\/index.php?rest_route=\/wp\/v2\/posts\/90030","targetHints":{"allow":["GET"]}}],"collection":[{"href":"https:\/\/mppee.gob.ve\/index.php?rest_route=\/wp\/v2\/posts"}],"about":[{"href":"https:\/\/mppee.gob.ve\/index.php?rest_route=\/wp\/v2\/types\/post"}],"author":[{"embeddable":true,"href":"https:\/\/mppee.gob.ve\/index.php?rest_route=\/wp\/v2\/users\/22"}],"replies":[{"embeddable":true,"href":"https:\/\/mppee.gob.ve\/index.php?rest_route=%2Fwp%2Fv2%2Fcomments&post=90030"}],"version-history":[{"count":1,"href":"https:\/\/mppee.gob.ve\/index.php?rest_route=\/wp\/v2\/posts\/90030\/revisions"}],"predecessor-version":[{"id":90032,"href":"https:\/\/mppee.gob.ve\/index.php?rest_route=\/wp\/v2\/posts\/90030\/revisions\/90032"}],"wp:featuredmedia":[{"embeddable":true,"href":"https:\/\/mppee.gob.ve\/index.php?rest_route=\/wp\/v2\/media\/90031"}],"wp:attachment":[{"href":"https:\/\/mppee.gob.ve\/index.php?rest_route=%2Fwp%2Fv2%2Fmedia&parent=90030"}],"wp:term":[{"taxonomy":"category","embeddable":true,"href":"https:\/\/mppee.gob.ve\/index.php?rest_route=%2Fwp%2Fv2%2Fcategories&post=90030"},{"taxonomy":"post_tag","embeddable":true,"href":"https:\/\/mppee.gob.ve\/index.php?rest_route=%2Fwp%2Fv2%2Ftags&post=90030"}],"curies":[{"name":"wp","href":"https:\/\/api.w.org\/{rel}","templated":true}]}}