{"id":90034,"date":"2023-12-07T03:11:15","date_gmt":"2023-12-07T03:11:15","guid":{"rendered":"http:\/\/mppee.gob.ve\/?p=90034"},"modified":"2023-12-07T18:43:03","modified_gmt":"2023-12-07T18:43:03","slug":"vicepresidente-reverol-celebro-con-la-fuerza-trabajadora-la-llegada-de-la-epoca-navidena","status":"publish","type":"post","link":"https:\/\/mppee.gob.ve\/?p=90034","title":{"rendered":"Vicepresidente Reverol celebr\u00f3 con la fuerza trabajadora la llegada de la \u00e9poca Navide\u00f1a"},"content":{"rendered":"\n<p><strong>Prensa Mppee (Caracas, 06\/12\/2023).-<\/strong><strong>&nbsp;<\/strong>El vicepresidente Sectorial de Obras P\u00fablicas y Servicios, G\/J N\u00e9stor Reverol, celebr\u00f3 este mi\u00e9rcoles la llegada de la \u00e9poca decembrina con la fuerza trabajadora del Sistema El\u00e9ctrico Nacional (SEN), en el tradicional Compartir Navide\u00f1o.<\/p>\n\n\n<div class=\"wp-block-image\">\n<figure class=\"alignright\"><img decoding=\"async\" src=\"http:\/\/intranet.mppee.gob.ve\/wordpress\/wp-content\/uploads\/2023\/12\/WhatsApp-Image-2023-12-06-at-10.03.08-PM-300x200.jpeg\" alt=\"\" class=\"wp-image-16974\"\/><\/figure>\n<\/div>\n\n\n<p>De esta manera \u201creconocemos el esfuerzo que hace cada uno de ustedes en salir a la calle diariamente para mejorar el SEN\u201d, expres\u00f3 Reverol, desde la sede del Ministerio del Poder Popular para la Energ\u00eda El\u00e9ctrica (Mppee), en San Bernardino, Caracas.<\/p>\n\n\n\n<p>En compa\u00f1\u00eda de las autoridades del SEN e invitados especiales como Ram\u00f3n Vel\u00e1zquez Araguay\u00e1n y Rodolfo Marcos Torres, ministros para el Transporte y para la Atenci\u00f3n de las Aguas, respectivamente, el tambi\u00e9n ministro para la Energ\u00eda El\u00e9ctrica expres\u00f3 su orgullo hacia los trabajadores del sector.<\/p>\n\n\n\n<p>\u201cUstedes se han convertido en una gran familia para Venezuela\u201d, enfatiz\u00f3.<\/p>\n\n\n\n<p>En ese sentido, hizo un llamado al encuentro y reflexi\u00f3n para iniciar el 2024 en uni\u00f3n.<\/p>\n\n\n<div class=\"wp-block-image\">\n<figure class=\"alignleft\"><img decoding=\"async\" src=\"http:\/\/intranet.mppee.gob.ve\/wordpress\/wp-content\/uploads\/2023\/12\/WhatsApp-Image-2023-12-06-at-10.03.07-PM-3-300x200.jpeg\" alt=\"\" class=\"wp-image-16978\"\/><\/figure>\n<\/div>\n\n\n<p>\u201cEs momento de reflexi\u00f3n, del perd\u00f3n, de ser solidarios, de hacer un recorrido de todo lo que hicimos en este 2023, para que el pr\u00f3ximo a\u00f1o enfrentemos los desaf\u00edos que se nos presenten\u201d, dijo Reverol.<\/p>\n\n\n\n<h3 class=\"wp-block-heading\"><strong>Encendido de la Cruz<\/strong><\/h3>\n\n\n\n<p>El General en Jefe acompa\u00f1ado de su esposa, la presidenta de la Asociaci\u00f3n de los Trabajadores del Mppee, Dra. Stephanie Sartori,&nbsp; encendi\u00f3 la Cruz de la sede principal, que representa para la instituci\u00f3n el inicio de la Navidad.<\/p>\n\n\n\n<p>Adem\u00e1s, en el Gran Compartir se presentaron diversos grupos musicales, como Los Sobra\u2019os, Omar Acedo, Omar Enrique, Bonny Cepeda, la Agrupaci\u00f3n Gaitera Cardenales del \u00c9xito, entre otros.<\/p>\n\n\n\n<p>Prensa Mppee \u2013 Aliarly Carrillo<\/p>\n","protected":false},"excerpt":{"rendered":"<p>Prensa Mppee (Caracas, 06\/12\/2023).-&nbsp;El vicepresidente Sectorial de Obras P\u00fablicas y Servicios, G\/J N\u00e9stor Reverol, celebr\u00f3 este mi\u00e9rcoles la llegada de<\/p>\n","protected":false},"author":22,"featured_media":90035,"comment_status":"closed","ping_status":"closed","sticky":false,"template":"","format":"standard","meta":{"footnotes":""},"categories":[15],"tags":[],"class_list":["post-90034","post","type-post","status-publish","format-standard","has-post-thumbnail","hentry","category-nacionales"],"_links":{"self":[{"href":"https:\/\/mppee.gob.ve\/index.php?rest_route=\/wp\/v2\/posts\/90034","targetHints":{"allow":["GET"]}}],"collection":[{"href":"https:\/\/mppee.gob.ve\/index.php?rest_route=\/wp\/v2\/posts"}],"about":[{"href":"https:\/\/mppee.gob.ve\/index.php?rest_route=\/wp\/v2\/types\/post"}],"author":[{"embeddable":true,"href":"https:\/\/mppee.gob.ve\/index.php?rest_route=\/wp\/v2\/users\/22"}],"replies":[{"embeddable":true,"href":"https:\/\/mppee.gob.ve\/index.php?rest_route=%2Fwp%2Fv2%2Fcomments&post=90034"}],"version-history":[{"count":2,"href":"https:\/\/mppee.gob.ve\/index.php?rest_route=\/wp\/v2\/posts\/90034\/revisions"}],"predecessor-version":[{"id":90037,"href":"https:\/\/mppee.gob.ve\/index.php?rest_route=\/wp\/v2\/posts\/90034\/revisions\/90037"}],"wp:featuredmedia":[{"embeddable":true,"href":"https:\/\/mppee.gob.ve\/index.php?rest_route=\/wp\/v2\/media\/90035"}],"wp:attachment":[{"href":"https:\/\/mppee.gob.ve\/index.php?rest_route=%2Fwp%2Fv2%2Fmedia&parent=90034"}],"wp:term":[{"taxonomy":"category","embeddable":true,"href":"https:\/\/mppee.gob.ve\/index.php?rest_route=%2Fwp%2Fv2%2Fcategories&post=90034"},{"taxonomy":"post_tag","embeddable":true,"href":"https:\/\/mppee.gob.ve\/index.php?rest_route=%2Fwp%2Fv2%2Ftags&post=90034"}],"curies":[{"name":"wp","href":"https:\/\/api.w.org\/{rel}","templated":true}]}}