{"id":90038,"date":"2023-12-11T21:28:53","date_gmt":"2023-12-11T21:28:53","guid":{"rendered":"http:\/\/mppee.gob.ve\/?p=90038"},"modified":"2023-12-11T21:28:54","modified_gmt":"2023-12-11T21:28:54","slug":"ninos-y-ninas-de-los-centros-de-educacion-inicial-del-sector-electrico-disfrutaron-de-un-compartir-navideno","status":"publish","type":"post","link":"https:\/\/mppee.gob.ve\/?p=90038","title":{"rendered":"Ni\u00f1os y ni\u00f1as de los Centros de Educaci\u00f3n Inicial del sector el\u00e9ctrico disfrutaron de un Compartir Navide\u00f1o"},"content":{"rendered":"\n<p><strong>Prensa MPPEE \u2013 (Caracas, 11-12-2023).-&nbsp;<\/strong>Este lunes se llev\u00f3 a cabo en la sede del&nbsp;<strong>Ministerio del Poder Popular Para la Energ\u00eda El\u00e9ctrica (Mppee)<\/strong>&nbsp;en Caracas, el&nbsp;<strong>Compartir Navide\u00f1o<\/strong>&nbsp;de los&nbsp;<strong>Centros de Educaci\u00f3n Inicial \u201cGuardianes El\u00e9ctricos\u201d de San Bernardino y \u201cDon Luis Zambrano de El Marqu\u00e9s.<\/strong><\/p>\n\n\n<div class=\"wp-block-image\">\n<figure class=\"alignleft\"><img decoding=\"async\" src=\"http:\/\/intranet.mppee.gob.ve\/wordpress\/wp-content\/uploads\/2023\/12\/WhatsApp-Image-2023-12-11-at-1.00.30-PM-3-300x200.jpeg\" alt=\"\" class=\"wp-image-16989\"\/><\/figure>\n<\/div>\n\n\n<p>Durante la actividad la&nbsp;<strong>viceministra para la Articulaci\u00f3n y Participaci\u00f3n Social en el Servicio El\u00e9ctrico, Nuris Perozo<\/strong>, en nombre del&nbsp;<strong>vicepresidente Sectorial de Obras P\u00fablicas y Servicios G\/J N\u00e9stor Reverol<\/strong>&nbsp;y de la&nbsp;<strong>presidenta de la Asociaci\u00f3n Civil del Ministerio para la Energ\u00eda El\u00e9ctrica, (Asoelec) doctora Stephanie Sartori<\/strong>, entreg\u00f3 regalos navide\u00f1os a los 212 ni\u00f1as y ni\u00f1os de ambos planteles educativos.<\/p>\n\n\n\n<p>\u201cEs un gran esfuerzo que hace nuestro&nbsp;<strong>Ministro N\u00e9stor Reverol<\/strong>, que hace Asoelec de realizar esta actividad navide\u00f1a, de celebrar el cierre de este a\u00f1o 2023 con alegr\u00eda, con la inocencia de cada uno de estos ni\u00f1os. Hacemos entrega el d\u00eda de hoy de estos obsequios en nombre de ellos y de los viceministros que nos acompa\u00f1an\u201d, expres\u00f3 Perozo.<\/p>\n\n\n\n<p>En ese sentido, hizo un reconocimiento especial a los padres, representantes de los ni\u00f1os y ni\u00f1as de ambos planteles, debido al \u00edmpetu que tienen para que cada d\u00eda sus hijos e hijas acudan a clases a cumplir con sus deberes escolares que son esenciales en su formaci\u00f3n.<\/p>\n\n\n<div class=\"wp-block-image\">\n<figure class=\"alignright\"><img decoding=\"async\" src=\"http:\/\/intranet.mppee.gob.ve\/wordpress\/wp-content\/uploads\/2023\/12\/WhatsApp-Image-2023-12-11-at-1.00.30-PM-2-300x200.jpeg\" alt=\"\" class=\"wp-image-16990\"\/><\/figure>\n<\/div>\n\n\n<p>De igual manera, reconoci\u00f3 la labor de las maestras y maestros que laboran en los&nbsp;<strong>Centros de Educaci\u00f3n Inicial \u201cGuardianes El\u00e9ctricos\u201d y Don Luis Zambrano<\/strong>, por la vocaci\u00f3n docente que impulsan para instruir a sus alumnos.<\/p>\n\n\n\n<p>\u201cPara eso quiero un fuerte abrazo y desearles una&nbsp;<strong>Feliz Navidad 2023<\/strong>&nbsp;y que el 2024 llegue cargado de alegr\u00eda, esperanza y de muchas ganas de seguir estudiando y aportarlo todo en estos centros de educaci\u00f3n inicial\u201d, finaliz\u00f3.<\/p>\n\n\n\n<p>Vale resaltar que la actividad estuvo amenizada por el&nbsp;<strong>Parrand\u00f3n del Mppee<\/strong>&nbsp;y la agrupaci\u00f3n la Guardia Nacional Bolivariana \u201cExpogaiteros\u201d, en tanto que tambi\u00e9n se realiz\u00f3 una obra teatral sobre el Nacimiento del Ni\u00f1o Dios\u201d, interpretada por alumnos de ambos centros preescolares.<\/p>\n\n\n\n<p><strong>Prensa MPPEE-Maikel Reyes<\/strong><\/p>\n\n\n<div class=\"wp-block-image\">\n<figure class=\"alignleft\"><img decoding=\"async\" src=\"http:\/\/intranet.mppee.gob.ve\/wordpress\/wp-content\/uploads\/2023\/12\/WhatsApp-Image-2023-12-11-at-1.00.30-PM-300x200.jpeg\" alt=\"\" class=\"wp-image-16991\"\/><\/figure>\n<\/div>\n\n\n<p>&nbsp;Post Views:&nbsp;1<\/p>\n","protected":false},"excerpt":{"rendered":"<p>Prensa MPPEE \u2013 (Caracas, 11-12-2023).-&nbsp;Este lunes se llev\u00f3 a cabo en la sede del&nbsp;Ministerio del Poder Popular Para la Energ\u00eda<\/p>\n","protected":false},"author":22,"featured_media":90039,"comment_status":"closed","ping_status":"closed","sticky":false,"template":"","format":"standard","meta":{"footnotes":""},"categories":[15],"tags":[],"class_list":["post-90038","post","type-post","status-publish","format-standard","has-post-thumbnail","hentry","category-nacionales"],"_links":{"self":[{"href":"https:\/\/mppee.gob.ve\/index.php?rest_route=\/wp\/v2\/posts\/90038","targetHints":{"allow":["GET"]}}],"collection":[{"href":"https:\/\/mppee.gob.ve\/index.php?rest_route=\/wp\/v2\/posts"}],"about":[{"href":"https:\/\/mppee.gob.ve\/index.php?rest_route=\/wp\/v2\/types\/post"}],"author":[{"embeddable":true,"href":"https:\/\/mppee.gob.ve\/index.php?rest_route=\/wp\/v2\/users\/22"}],"replies":[{"embeddable":true,"href":"https:\/\/mppee.gob.ve\/index.php?rest_route=%2Fwp%2Fv2%2Fcomments&post=90038"}],"version-history":[{"count":1,"href":"https:\/\/mppee.gob.ve\/index.php?rest_route=\/wp\/v2\/posts\/90038\/revisions"}],"predecessor-version":[{"id":90040,"href":"https:\/\/mppee.gob.ve\/index.php?rest_route=\/wp\/v2\/posts\/90038\/revisions\/90040"}],"wp:featuredmedia":[{"embeddable":true,"href":"https:\/\/mppee.gob.ve\/index.php?rest_route=\/wp\/v2\/media\/90039"}],"wp:attachment":[{"href":"https:\/\/mppee.gob.ve\/index.php?rest_route=%2Fwp%2Fv2%2Fmedia&parent=90038"}],"wp:term":[{"taxonomy":"category","embeddable":true,"href":"https:\/\/mppee.gob.ve\/index.php?rest_route=%2Fwp%2Fv2%2Fcategories&post=90038"},{"taxonomy":"post_tag","embeddable":true,"href":"https:\/\/mppee.gob.ve\/index.php?rest_route=%2Fwp%2Fv2%2Ftags&post=90038"}],"curies":[{"name":"wp","href":"https:\/\/api.w.org\/{rel}","templated":true}]}}