{"id":90061,"date":"2023-12-27T20:37:17","date_gmt":"2023-12-27T20:37:17","guid":{"rendered":"http:\/\/mppee.gob.ve\/?p=90061"},"modified":"2024-01-09T17:22:59","modified_gmt":"2024-01-09T17:22:59","slug":"fasmee-cierra-este-ano-2023-con-mas-de-98-mil-atenciones-medicas-integrales","status":"publish","type":"post","link":"https:\/\/mppee.gob.ve\/?p=90061","title":{"rendered":"Fasmee cierra este a\u00f1o 2023 con m\u00e1s de 98 mil atenciones m\u00e9dicas integrales"},"content":{"rendered":"\n<p><strong>Prensa Mppee \u2013 (Caracas, 29\/11\/2023).-<\/strong>&nbsp;M\u00e1s de 98 mil atenciones m\u00e9dicas integrales y sociales realiz\u00f3 este a\u00f1o el Fondo Autoadministrado de Salud del Ministerio del Poder Popular para la Energ\u00eda El\u00e9ctrica (Fasmee),.<\/p>\n\n\n\n<p>As\u00ed lo dio a conocer el presidente del organismo de salud, G\/D Juan Ram\u00f3n Rodr\u00edguez Navarro, quien indic\u00f3 que \u201cHemos entregado 71 mil 477 insumos m\u00e9dicos a nuestros trabajadores, y se han realizado 299 visitas domiciliarias a nivel nacional\u201d.<\/p>\n\n\n<div class=\"wp-block-image\">\n<figure class=\"alignright\"><img decoding=\"async\" src=\"http:\/\/intranet.mppee.gob.ve\/wordpress\/wp-content\/uploads\/2023\/12\/Inauguran-Centro-de-Atenci%C3%B3n-Telef%C3%B3nica-%E2%80%9C08000-FASMEE%E2%80%9D-del-sector-el%C3%A9ctrico-5-300x200.jpeg\" alt=\"\" class=\"wp-image-17030\"\/><\/figure>\n<\/div>\n\n\n<p>Cabe resaltar que el Fasmee en el 2023 alcanz\u00f3 un total de 84 mil 107 atenciones en diferentes especialidades m\u00e9dicas a los trabajadores, familiares y jubilados de la Estatal el\u00e9ctrica.<\/p>\n\n\n\n<p>En ese sentido, el presidente del organismo manifest\u00f3 que \u201cnuestras ambulancias han atendido 3 mil 114 traslados en todo el pa\u00eds. Igualmente, el programa Rayito de Luz, que satisface en materia de salud a las embarazadas del sector el\u00e9ctrico, ha entregado m\u00e1s de 100 canastillas.\u201d<\/p>\n\n\n\n<h2 class=\"wp-block-heading\"><strong>El Fasmee va por m\u00e1s en el 2024<\/strong><\/h2>\n\n\n\n<p>\u201cCon respecto al pr\u00f3ximo a\u00f1o tenemos previsto la apertura de nuevos centros de atenci\u00f3n m\u00e9dica en Macagua, Caruachi y en Guri, que atender\u00e1n a la fuerza trabajadora en el estado Bol\u00edvar\u201d, explic\u00f3 el G\/D Navarro.<\/p>\n\n\n\n<p>Indic\u00f3 que se tiene previsto crecer hacia los estados Carabobo con la inauguraci\u00f3n de un nuevo centro asistencial, Barinas y T\u00e1chira, y pr\u00f3ximamente habr\u00e1 un centro para el personal que ha sufrido quemaduras intermedias, que estar\u00e1 ubicado en la sede de Corpoelec en el Marqu\u00e9s, en el municipio Sucre del estado Miranda.<\/p>\n\n\n<div class=\"wp-block-image\">\n<figure class=\"alignleft\"><img decoding=\"async\" src=\"http:\/\/intranet.mppee.gob.ve\/wordpress\/wp-content\/uploads\/2023\/12\/Beneficiados-m%C3%A1s-de-13-mil-jubilados-del-sector-el%C3%A9ctrico-con-Jornada-M%C3%A9dico-Integral-4-300x217.jpg\" alt=\"\" class=\"wp-image-17031\"\/><\/figure>\n<\/div>\n\n\n<p>Finalmente, Navarro agradeci\u00f3 al presidente de la Rep\u00fablica, Nicol\u00e1s Maduro Moros, al G\/J N\u00e9stor Reverol Torres ministro para la Energ\u00eda El\u00e9ctrica, \u201cque se han abocado a atender a nuestra fuerza laboral beneficiando con todas estas atenciones a nuestra arma secreta que son todos los\u00a0\u00a0 trabajadores, sus familiares y jubilados del Sistema El\u00e9ctrico Nacional\u201d, puntualiz\u00f3.<\/p>\n\n\n\n<p><strong>Prensa Mppee<\/strong><\/p>\n","protected":false},"excerpt":{"rendered":"<p>Prensa Mppee \u2013 (Caracas, 29\/11\/2023).-&nbsp;M\u00e1s de 98 mil atenciones m\u00e9dicas integrales y sociales realiz\u00f3 este a\u00f1o el Fondo Autoadministrado de<\/p>\n","protected":false},"author":22,"featured_media":90065,"comment_status":"closed","ping_status":"closed","sticky":false,"template":"","format":"standard","meta":{"footnotes":""},"categories":[1],"tags":[255],"class_list":["post-90061","post","type-post","status-publish","format-standard","has-post-thumbnail","hentry","category-mppee","tag-fasmee"],"_links":{"self":[{"href":"https:\/\/mppee.gob.ve\/index.php?rest_route=\/wp\/v2\/posts\/90061","targetHints":{"allow":["GET"]}}],"collection":[{"href":"https:\/\/mppee.gob.ve\/index.php?rest_route=\/wp\/v2\/posts"}],"about":[{"href":"https:\/\/mppee.gob.ve\/index.php?rest_route=\/wp\/v2\/types\/post"}],"author":[{"embeddable":true,"href":"https:\/\/mppee.gob.ve\/index.php?rest_route=\/wp\/v2\/users\/22"}],"replies":[{"embeddable":true,"href":"https:\/\/mppee.gob.ve\/index.php?rest_route=%2Fwp%2Fv2%2Fcomments&post=90061"}],"version-history":[{"count":3,"href":"https:\/\/mppee.gob.ve\/index.php?rest_route=\/wp\/v2\/posts\/90061\/revisions"}],"predecessor-version":[{"id":90067,"href":"https:\/\/mppee.gob.ve\/index.php?rest_route=\/wp\/v2\/posts\/90061\/revisions\/90067"}],"wp:featuredmedia":[{"embeddable":true,"href":"https:\/\/mppee.gob.ve\/index.php?rest_route=\/wp\/v2\/media\/90065"}],"wp:attachment":[{"href":"https:\/\/mppee.gob.ve\/index.php?rest_route=%2Fwp%2Fv2%2Fmedia&parent=90061"}],"wp:term":[{"taxonomy":"category","embeddable":true,"href":"https:\/\/mppee.gob.ve\/index.php?rest_route=%2Fwp%2Fv2%2Fcategories&post=90061"},{"taxonomy":"post_tag","embeddable":true,"href":"https:\/\/mppee.gob.ve\/index.php?rest_route=%2Fwp%2Fv2%2Ftags&post=90061"}],"curies":[{"name":"wp","href":"https:\/\/api.w.org\/{rel}","templated":true}]}}