{"id":90095,"date":"2024-01-05T17:25:31","date_gmt":"2024-01-05T17:25:31","guid":{"rendered":"http:\/\/mppee.gob.ve\/?p=90095"},"modified":"2024-01-09T17:27:47","modified_gmt":"2024-01-09T17:27:47","slug":"crearan-plan-de-trabajo-anual-para-el-fortalecimiento-de-los-servicios-publicos-en-el-pais","status":"publish","type":"post","link":"https:\/\/mppee.gob.ve\/?p=90095","title":{"rendered":"Crear\u00e1n Plan de Trabajo Anual para el fortalecimiento de los servicios p\u00fablicos en el pa\u00eds"},"content":{"rendered":"\n<p><strong>Prensa VPSOPS (Caracas 05\/01\/2024).-<\/strong>&nbsp;El&nbsp;<strong>vicepresidente Sectorial de Obras P\u00fablicas y Servicios, G\/J N\u00e9stor Reverol<\/strong>, lider\u00f3 este viernes una&nbsp;<strong>reuni\u00f3n extraordinaria de trabajo<\/strong>&nbsp;donde ofreci\u00f3 un balance de las acciones desarrolladas en materia de&nbsp;<strong>servicios p\u00fablicos<\/strong>&nbsp;durante el 2023.<\/p>\n\n\n<div class=\"wp-block-image\">\n<figure class=\"alignleft\"><img decoding=\"async\" src=\"http:\/\/intranet.mppee.gob.ve\/wordpress\/wp-content\/uploads\/2024\/01\/Crearan-Plan-de-Trabajo-Anual-para-el-fortalecimiento-de-los-servicios-publicos-en-el-pais-4-300x200.jpeg\" alt=\"\" class=\"wp-image-17066\"\/><\/figure>\n<\/div>\n\n\n<p>El General en Jefe record\u00f3 que esta&nbsp;<strong>Vicepresidencia Sectorial<\/strong>&nbsp;lleva la vanguardia del 1\u00d710 del Buen Gobierno, una herramienta creada por el&nbsp;<strong>presidente de la Rep\u00fablica, Nicol\u00e1s Maduro<\/strong>, para mantener un contacto directo con el pueblo.<\/p>\n\n\n\n<p>En ese sentido, durante el encuentro se revisaron los indicadores del&nbsp;<strong>1\u00d710 del Buen Gobierno<\/strong>&nbsp;que garantiza la atenci\u00f3n de los ciudadanos de una forma oportuna, fortaleciendo la gesti\u00f3n p\u00fablica.<\/p>\n\n\n\n<p>\u201cCon la VenApp y la l\u00ednea 58 se alcanzaron resultados satisfactorios, por lo que continuaremos con esta poderosa herramienta para dar soluciones inmediatas a todo lo relacionado a los servicios b\u00e1sicos para los ciudadanos\u201d, sostuvo.<\/p>\n\n\n\n<p>Reverol, igualmente, instruy\u00f3 hacer un&nbsp;<strong>Plan de Trabajo Anual<\/strong>, destacando en el primer trimestre \u201clas victorias tempranas que tengamos visibilizadas en cuanto el fortalecimiento de los servicios p\u00fablicos en el pa\u00eds\u201d.<\/p>\n\n\n<div class=\"wp-block-image\">\n<figure class=\"alignright\"><img decoding=\"async\" src=\"http:\/\/intranet.mppee.gob.ve\/wordpress\/wp-content\/uploads\/2024\/01\/Crearan-Plan-de-Trabajo-Anual-para-el-fortalecimiento-de-los-servicios-publicos-en-el-pais-8-300x200.jpeg\" alt=\"\" class=\"wp-image-17067\"\/><\/figure>\n<\/div>\n\n\n<p>Refiri\u00f3 que comenzar\u00e1 nuevamente un recorrido por todos los estados del pa\u00eds para revisar los compromisos del&nbsp;<strong>Congreso Nacional de Servicios P\u00fablicos<\/strong>, cumplidos en m\u00e1s de 90%.<\/p>\n\n\n\n<p><strong>Prensa VPSOPS<\/strong><\/p>\n\n\n\n<p>\u00a0<\/p>\n","protected":false},"excerpt":{"rendered":"<p>Prensa VPSOPS (Caracas 05\/01\/2024).-&nbsp;El&nbsp;vicepresidente Sectorial de Obras P\u00fablicas y Servicios, G\/J N\u00e9stor Reverol, lider\u00f3 este viernes una&nbsp;reuni\u00f3n extraordinaria de trabajo&nbsp;donde<\/p>\n","protected":false},"author":22,"featured_media":90096,"comment_status":"closed","ping_status":"closed","sticky":false,"template":"","format":"standard","meta":{"footnotes":""},"categories":[15],"tags":[46],"class_list":["post-90095","post","type-post","status-publish","format-standard","has-post-thumbnail","hentry","category-nacionales","tag-venezuela"],"_links":{"self":[{"href":"https:\/\/mppee.gob.ve\/index.php?rest_route=\/wp\/v2\/posts\/90095","targetHints":{"allow":["GET"]}}],"collection":[{"href":"https:\/\/mppee.gob.ve\/index.php?rest_route=\/wp\/v2\/posts"}],"about":[{"href":"https:\/\/mppee.gob.ve\/index.php?rest_route=\/wp\/v2\/types\/post"}],"author":[{"embeddable":true,"href":"https:\/\/mppee.gob.ve\/index.php?rest_route=\/wp\/v2\/users\/22"}],"replies":[{"embeddable":true,"href":"https:\/\/mppee.gob.ve\/index.php?rest_route=%2Fwp%2Fv2%2Fcomments&post=90095"}],"version-history":[{"count":1,"href":"https:\/\/mppee.gob.ve\/index.php?rest_route=\/wp\/v2\/posts\/90095\/revisions"}],"predecessor-version":[{"id":90097,"href":"https:\/\/mppee.gob.ve\/index.php?rest_route=\/wp\/v2\/posts\/90095\/revisions\/90097"}],"wp:featuredmedia":[{"embeddable":true,"href":"https:\/\/mppee.gob.ve\/index.php?rest_route=\/wp\/v2\/media\/90096"}],"wp:attachment":[{"href":"https:\/\/mppee.gob.ve\/index.php?rest_route=%2Fwp%2Fv2%2Fmedia&parent=90095"}],"wp:term":[{"taxonomy":"category","embeddable":true,"href":"https:\/\/mppee.gob.ve\/index.php?rest_route=%2Fwp%2Fv2%2Fcategories&post=90095"},{"taxonomy":"post_tag","embeddable":true,"href":"https:\/\/mppee.gob.ve\/index.php?rest_route=%2Fwp%2Fv2%2Ftags&post=90095"}],"curies":[{"name":"wp","href":"https:\/\/api.w.org\/{rel}","templated":true}]}}