{"id":90098,"date":"2024-01-12T23:34:18","date_gmt":"2024-01-12T23:34:18","guid":{"rendered":"http:\/\/mppee.gob.ve\/?p=90098"},"modified":"2024-03-25T20:54:07","modified_gmt":"2024-03-25T20:54:07","slug":"asoelec-reconoce-labor-de-docentes-quienes-dia-a-dia-ejercen-con-compromiso-la-formacion-educativa-en-el-pais","status":"publish","type":"post","link":"https:\/\/mppee.gob.ve\/?p=90098","title":{"rendered":"Asoelec reconoce labor de docentes quienes d\u00eda a d\u00eda ejercen con compromiso la formaci\u00f3n educativa en el pa\u00eds"},"content":{"rendered":"\n<p><strong>Prensa Corpoelec (Caracas, 12\/01\/2024). \u2013<\/strong>&nbsp; Un total de 38&nbsp;<strong>docentes<\/strong>&nbsp;pertenecientes a los&nbsp;<strong>Centros de Educaci\u00f3n Inicial del Ministerio del Poder Popular para la Energ\u00eda El\u00e9ctrica (Mppee)<\/strong>&nbsp;y de la&nbsp;<strong>Corporaci\u00f3n El\u00e9ctrica Nacional (Corpoelec)<\/strong>&nbsp;fueron reconocidos por su labor y compromiso, a prop\u00f3sito del&nbsp;<strong>D\u00eda del Maestro<\/strong>, que se celebrar\u00e1 este lunes 15 de enero en el pa\u00eds.<\/p>\n\n\n<div class=\"wp-block-image\">\n<figure class=\"alignright\"><img decoding=\"async\" src=\"http:\/\/intranet.mppee.gob.ve\/wordpress\/wp-content\/uploads\/2024\/01\/WhatsApp-Image-2024-01-12-at-5.15.58-PM-1-300x209.jpeg\" alt=\"\" class=\"wp-image-17078\"\/><\/figure>\n<\/div>\n\n\n<p>La actividad, que fue promovida por la&nbsp;<strong>Asociaci\u00f3n Civil de los Trabajadores del Mppee (Asoelec)<\/strong>, presidido por la doctora&nbsp;<strong>Stephanie Sartori<\/strong>, se llev\u00f3 a cabo de manera simult\u00e1nea en el Centro de Educaci\u00f3n Inicial&nbsp;<strong>\u201cGuardianes El\u00e9ctricos\u201d&nbsp;<\/strong>de San Bernardino y en el Centro de Educaci\u00f3n Inicial&nbsp;<strong>\u201cDon Luis Zambrano\u201d<\/strong>, ubicado en El Marqu\u00e9s, estado Miranda.<\/p>\n\n\n\n<p>Ante este reconocimiento, Yolanda Rodr\u00edguez, directora del centro educativo&nbsp;<strong>\u201cDon Luis Zambrano<\/strong>\u201d, expres\u00f3 su agradecimiento por reconocer la labor de los maestros. \u201cUn personal que d\u00eda a d\u00eda se esmera porque nuestros ni\u00f1os y ni\u00f1as reciban una educaci\u00f3n de calidad\u201d, enfatiz\u00f3.<\/p>\n\n\n\n<p>Mientras que, la profesora de Carmen Alicia, manifest\u00f3 estar \u201cmuy contenta\u201d por el reconocimiento que recibi\u00f3.&nbsp; \u201cEstoy muy satisfecha por tomarme en cuenta por el trabajo que he realizado durante mucho tiempo hacia los ni\u00f1os y ni\u00f1as de este preescolar\u201d, dijo.<\/p>\n\n\n\n<p>Por su parte, Betzait Bustillo, directora del preescolar&nbsp;<strong>\u201cGuardianes El\u00e9ctricos\u201d<\/strong>&nbsp;destac\u00f3 que este tipo de celebraciones les recuerda a los docentes la labor tan importante que tienen en sus manos, \u201ciniciar a estos ni\u00f1os en la primera etapa de su educaci\u00f3n\u201d.<\/p>\n\n\n<div class=\"wp-block-image\">\n<figure class=\"alignleft\"><img decoding=\"async\" src=\"http:\/\/intranet.mppee.gob.ve\/wordpress\/wp-content\/uploads\/2024\/01\/WhatsApp-Image-2024-01-12-at-7.23.56-PM-300x169.jpeg\" alt=\"\" class=\"wp-image-17077\"\/><\/figure>\n<\/div>\n\n\n<p>Durante el acto,&nbsp;<strong>Asoelec<\/strong>&nbsp;tambi\u00e9n hizo entrega de uniformes y obsequios a cada educadora.<\/p>\n\n\n\n<p>Vale destacar, que el D\u00eda del Maestro se celebra con la finalidad de luchar por los derechos de los profesores. Adem\u00e1s, diferentes instituciones educativas realizan ceremonias y actividades para conmemorar esta fecha.<\/p>\n","protected":false},"excerpt":{"rendered":"<p>Prensa Corpoelec (Caracas, 12\/01\/2024). \u2013&nbsp; Un total de 38&nbsp;docentes&nbsp;pertenecientes a los&nbsp;Centros de Educaci\u00f3n Inicial del Ministerio del Poder Popular para<\/p>\n","protected":false},"author":22,"featured_media":90358,"comment_status":"closed","ping_status":"closed","sticky":false,"template":"","format":"standard","meta":{"footnotes":""},"categories":[1],"tags":[],"class_list":["post-90098","post","type-post","status-publish","format-standard","has-post-thumbnail","hentry","category-mppee"],"_links":{"self":[{"href":"https:\/\/mppee.gob.ve\/index.php?rest_route=\/wp\/v2\/posts\/90098","targetHints":{"allow":["GET"]}}],"collection":[{"href":"https:\/\/mppee.gob.ve\/index.php?rest_route=\/wp\/v2\/posts"}],"about":[{"href":"https:\/\/mppee.gob.ve\/index.php?rest_route=\/wp\/v2\/types\/post"}],"author":[{"embeddable":true,"href":"https:\/\/mppee.gob.ve\/index.php?rest_route=\/wp\/v2\/users\/22"}],"replies":[{"embeddable":true,"href":"https:\/\/mppee.gob.ve\/index.php?rest_route=%2Fwp%2Fv2%2Fcomments&post=90098"}],"version-history":[{"count":1,"href":"https:\/\/mppee.gob.ve\/index.php?rest_route=\/wp\/v2\/posts\/90098\/revisions"}],"predecessor-version":[{"id":90100,"href":"https:\/\/mppee.gob.ve\/index.php?rest_route=\/wp\/v2\/posts\/90098\/revisions\/90100"}],"wp:featuredmedia":[{"embeddable":true,"href":"https:\/\/mppee.gob.ve\/index.php?rest_route=\/wp\/v2\/media\/90358"}],"wp:attachment":[{"href":"https:\/\/mppee.gob.ve\/index.php?rest_route=%2Fwp%2Fv2%2Fmedia&parent=90098"}],"wp:term":[{"taxonomy":"category","embeddable":true,"href":"https:\/\/mppee.gob.ve\/index.php?rest_route=%2Fwp%2Fv2%2Fcategories&post=90098"},{"taxonomy":"post_tag","embeddable":true,"href":"https:\/\/mppee.gob.ve\/index.php?rest_route=%2Fwp%2Fv2%2Ftags&post=90098"}],"curies":[{"name":"wp","href":"https:\/\/api.w.org\/{rel}","templated":true}]}}