{"id":90101,"date":"2024-01-15T16:02:59","date_gmt":"2024-01-15T16:02:59","guid":{"rendered":"http:\/\/mppee.gob.ve\/?p=90101"},"modified":"2024-01-15T16:02:59","modified_gmt":"2024-01-15T16:02:59","slug":"presidente-maduro-presentara-su-memoria-y-cuenta-del-2023-ante-la-asamblea-nacional-este-lunes","status":"publish","type":"post","link":"https:\/\/mppee.gob.ve\/?p=90101","title":{"rendered":"Presidente Maduro presentar\u00e1 su Memoria y Cuenta del 2023 ante la Asamblea Nacional este lunes"},"content":{"rendered":"\n<p><strong>Prensa MPPEE- (Caracas 15\/01\/2024).-&nbsp;<\/strong>El&nbsp;<strong>presidente de la Rep\u00fablica Bolivariana de Venezuela, Nicol\u00e1s Maduro<\/strong>, presenta este lunes su&nbsp;<strong>Mensaje Anual a la Naci\u00f3n y Entrega de Memoria y Cuenta 2023&nbsp;<\/strong>ante la Asamblea Nacional (AN) y el pueblo venezolano.<\/p>\n\n\n\n<p>\u201cEstoy listo para presentar el&nbsp;<strong>Mensaje Anual a la Naci\u00f3n y Entrega de Memoria y Cuenta 2023<\/strong>&nbsp;ante el verdadero y \u00fanico Poder Legislativo y Constitucional de Venezuela. Avances, recuperaci\u00f3n y crecimiento, lo hemos logrado con base en la uni\u00f3n y el esfuerzo sincero de lo que somos como Pueblo. \u00a1Vamos gente buena!\u201d, escribi\u00f3 el Mandatario Nacional en su cuenta oficial en Twitter @NicolasMaduro.<\/p>\n\n\n\n<p>El presidente cumple con lo establecido en el art\u00edculo 237 de la Constituci\u00f3n de la Rep\u00fablica Bolivariana de Venezuela, que consiste en dar cuenta sobre su gesti\u00f3n anual los primeros d\u00edas del a\u00f1o a los parlamentarios y al pueblo venezolano.<\/p>\n\n\n\n<p>\u201cDentro de los diez primeros d\u00edas siguientes a la instalaci\u00f3n de la&nbsp;<strong>Asamblea Nacional<\/strong>, en sesiones ordinarias, el Presidente o Presidenta de la Rep\u00fablica, presentar\u00e1 cada a\u00f1o, personalmente, a la Asamblea, un mensaje en que dar\u00e1 cuenta de los aspectos pol\u00edticos, econ\u00f3micos, sociales y administrativos de su gesti\u00f3n, durante el a\u00f1o inmediatamente anterior\u201d, establece la Constituci\u00f3n.<\/p>\n\n\n\n<p>El&nbsp;<strong>Poder Popular<\/strong>&nbsp;acompa\u00f1a al&nbsp;<strong>Jefe de Estado<\/strong>&nbsp;en una gran movilizaci\u00f3n por las calles y avenidas de Caracas hasta llegar a las adyacencias de la sede de la AN, dando su respaldo a las pol\u00edticas p\u00fablicas impulsadas para el crecimiento de la naci\u00f3n y de su pueblo.<\/p>\n\n\n\n<p><strong>Prensa MPPEE<\/strong><\/p>\n","protected":false},"excerpt":{"rendered":"<p>Prensa MPPEE- (Caracas 15\/01\/2024).-&nbsp;El&nbsp;presidente de la Rep\u00fablica Bolivariana de Venezuela, Nicol\u00e1s Maduro, presenta este lunes su&nbsp;Mensaje Anual a la Naci\u00f3n<\/p>\n","protected":false},"author":22,"featured_media":90102,"comment_status":"closed","ping_status":"closed","sticky":false,"template":"","format":"standard","meta":{"footnotes":""},"categories":[15],"tags":[],"class_list":["post-90101","post","type-post","status-publish","format-standard","has-post-thumbnail","hentry","category-nacionales"],"_links":{"self":[{"href":"https:\/\/mppee.gob.ve\/index.php?rest_route=\/wp\/v2\/posts\/90101","targetHints":{"allow":["GET"]}}],"collection":[{"href":"https:\/\/mppee.gob.ve\/index.php?rest_route=\/wp\/v2\/posts"}],"about":[{"href":"https:\/\/mppee.gob.ve\/index.php?rest_route=\/wp\/v2\/types\/post"}],"author":[{"embeddable":true,"href":"https:\/\/mppee.gob.ve\/index.php?rest_route=\/wp\/v2\/users\/22"}],"replies":[{"embeddable":true,"href":"https:\/\/mppee.gob.ve\/index.php?rest_route=%2Fwp%2Fv2%2Fcomments&post=90101"}],"version-history":[{"count":1,"href":"https:\/\/mppee.gob.ve\/index.php?rest_route=\/wp\/v2\/posts\/90101\/revisions"}],"predecessor-version":[{"id":90103,"href":"https:\/\/mppee.gob.ve\/index.php?rest_route=\/wp\/v2\/posts\/90101\/revisions\/90103"}],"wp:featuredmedia":[{"embeddable":true,"href":"https:\/\/mppee.gob.ve\/index.php?rest_route=\/wp\/v2\/media\/90102"}],"wp:attachment":[{"href":"https:\/\/mppee.gob.ve\/index.php?rest_route=%2Fwp%2Fv2%2Fmedia&parent=90101"}],"wp:term":[{"taxonomy":"category","embeddable":true,"href":"https:\/\/mppee.gob.ve\/index.php?rest_route=%2Fwp%2Fv2%2Fcategories&post=90101"},{"taxonomy":"post_tag","embeddable":true,"href":"https:\/\/mppee.gob.ve\/index.php?rest_route=%2Fwp%2Fv2%2Ftags&post=90101"}],"curies":[{"name":"wp","href":"https:\/\/api.w.org\/{rel}","templated":true}]}}