{"id":90107,"date":"2024-01-15T23:27:17","date_gmt":"2024-01-15T23:27:17","guid":{"rendered":"http:\/\/mppee.gob.ve\/?p=90107"},"modified":"2024-01-15T23:27:18","modified_gmt":"2024-01-15T23:27:18","slug":"presidente-maduro-presenta-plan-de-las-7t-2030-para-avanzar-hacia-la-venezuela-potencia","status":"publish","type":"post","link":"https:\/\/mppee.gob.ve\/?p=90107","title":{"rendered":"Presidente Maduro presenta Plan de las 7T 2030 para avanzar hacia la Venezuela potencia"},"content":{"rendered":"\n<p><strong>Prensa Mppee (Caracas, 15\/01\/2024).-<\/strong>&nbsp;Un llamado a impulsar, consolidar y avanzar hacia la Venezuela Potencia, hizo el&nbsp;<strong>presidente de la Rep\u00fablica, Nicol\u00e1s Maduro<\/strong>, este lunes en su&nbsp;<strong>Mensaje Anual a la Naci\u00f3n<\/strong>&nbsp;ante la&nbsp;<strong>Asamblea Nacional<\/strong>, guiados por siete grandes transformaciones<\/p>\n\n\n\n<p>\u201cSiete transformaciones que necesita Venezuela para la prosperidad y libertad: las 7T que solo puede hacerse entre nosotros.&nbsp;<strong>Plan de las 7T 2030<\/strong>, es una fusi\u00f3n de visiones y prioridades\u201d, explico el jefe de Estados.<\/p>\n\n\n\n<p>En tal sentido, desglos\u00f3 dicho plan de la siguiente manera:<\/p>\n\n\n\n<ol class=\"wp-block-list\">\n<li>Econ\u00f3mica: modernizaci\u00f3n<\/li>\n\n\n\n<li>Independencia plena en todos los \u00e1mbitos.<\/li>\n\n\n\n<li>Modelo de seguridad interna y paz territorial (Seguridad ciudadana).<\/li>\n\n\n\n<li>Dimensi\u00f3n de lo social (renovaci\u00f3n de protecci\u00f3n humanista).<\/li>\n\n\n\n<li>Pol\u00edtica vista como servicio p\u00fablico, no de c\u00fapulas.<\/li>\n\n\n\n<li>Preservaci\u00f3n del planeta y enfrentar crisis clim\u00e1tica.<\/li>\n\n\n\n<li>Inserci\u00f3n en la nueva configuraci\u00f3n del mundo multic\u00e9ntrico y multipolar con Diplomacia de Paz.<\/li>\n<\/ol>\n\n\n\n<p>\u201cLes pido transitar el largo camino, hemos demostrado capacidad en todo momento. En este 2024 debemos sellar de manera definitiva nuestra victoria sobre la guerra econ\u00f3mica. No es una ilusi\u00f3n es sencillamente una posibilidad que se demuestra con n\u00fameros y trabajo real\u201d, dijo Maduro.<\/p>\n\n\n\n<p><strong>Prensa Mppee-Aliarly Carrillo<\/strong><\/p>\n","protected":false},"excerpt":{"rendered":"<p>Prensa Mppee (Caracas, 15\/01\/2024).-&nbsp;Un llamado a impulsar, consolidar y avanzar hacia la Venezuela Potencia, hizo el&nbsp;presidente de la Rep\u00fablica, Nicol\u00e1s<\/p>\n","protected":false},"author":22,"featured_media":90108,"comment_status":"closed","ping_status":"closed","sticky":false,"template":"","format":"standard","meta":{"footnotes":""},"categories":[15],"tags":[],"class_list":["post-90107","post","type-post","status-publish","format-standard","has-post-thumbnail","hentry","category-nacionales"],"_links":{"self":[{"href":"https:\/\/mppee.gob.ve\/index.php?rest_route=\/wp\/v2\/posts\/90107","targetHints":{"allow":["GET"]}}],"collection":[{"href":"https:\/\/mppee.gob.ve\/index.php?rest_route=\/wp\/v2\/posts"}],"about":[{"href":"https:\/\/mppee.gob.ve\/index.php?rest_route=\/wp\/v2\/types\/post"}],"author":[{"embeddable":true,"href":"https:\/\/mppee.gob.ve\/index.php?rest_route=\/wp\/v2\/users\/22"}],"replies":[{"embeddable":true,"href":"https:\/\/mppee.gob.ve\/index.php?rest_route=%2Fwp%2Fv2%2Fcomments&post=90107"}],"version-history":[{"count":1,"href":"https:\/\/mppee.gob.ve\/index.php?rest_route=\/wp\/v2\/posts\/90107\/revisions"}],"predecessor-version":[{"id":90109,"href":"https:\/\/mppee.gob.ve\/index.php?rest_route=\/wp\/v2\/posts\/90107\/revisions\/90109"}],"wp:featuredmedia":[{"embeddable":true,"href":"https:\/\/mppee.gob.ve\/index.php?rest_route=\/wp\/v2\/media\/90108"}],"wp:attachment":[{"href":"https:\/\/mppee.gob.ve\/index.php?rest_route=%2Fwp%2Fv2%2Fmedia&parent=90107"}],"wp:term":[{"taxonomy":"category","embeddable":true,"href":"https:\/\/mppee.gob.ve\/index.php?rest_route=%2Fwp%2Fv2%2Fcategories&post=90107"},{"taxonomy":"post_tag","embeddable":true,"href":"https:\/\/mppee.gob.ve\/index.php?rest_route=%2Fwp%2Fv2%2Ftags&post=90107"}],"curies":[{"name":"wp","href":"https:\/\/api.w.org\/{rel}","templated":true}]}}