{"id":90140,"date":"2024-01-23T20:47:35","date_gmt":"2024-01-23T20:47:35","guid":{"rendered":"http:\/\/mppee.gob.ve\/?p=90140"},"modified":"2024-01-23T20:47:36","modified_gmt":"2024-01-23T20:47:36","slug":"plan-integral-de-atencion-de-los-servicios-publicos-para-el-pueblo-se-despliega-en-el-estado-miranda","status":"publish","type":"post","link":"https:\/\/mppee.gob.ve\/?p=90140","title":{"rendered":"Plan Integral de Atenci\u00f3n de los Servicios P\u00fablicos para el Pueblo se despliega en el estado Miranda"},"content":{"rendered":"\n<p><strong>Prensa Vpsops (Miranda 23\/01\/2024).-<\/strong>&nbsp;El&nbsp;<strong>vicepresidente Sectorial de Obras P\u00fablicas y Servicios, G\/J N\u00e9stor Reverol<\/strong>, lider\u00f3 este martes una&nbsp;<strong>reuni\u00f3n de trabajo con el gobernador del estado Miranda, H\u00e9ctor Rodr\u00edguez, alcaldes bolivarianos y Ministros<\/strong>&nbsp;que integran esta vicepresidencia, como parte del&nbsp;<strong>Plan Integral de Atenci\u00f3n de los Servicios P\u00fablicos para el Pueblo<\/strong>&nbsp;en la entidad mirandina.<\/p>\n\n\n\n<p>Durante el encuentro se evalu\u00f3 la&nbsp;<strong>Agenda Concreta de Acci\u00f3n<\/strong>&nbsp;a desarrollar en cada comunidad, para seguir atendiendo los diferentes requerimientos del pueblo en materia de&nbsp;<strong>servicios p\u00fablicos.<\/strong><\/p>\n\n\n<div class=\"wp-block-image\">\n<figure class=\"alignright\"><img decoding=\"async\" src=\"http:\/\/intranet.mppee.gob.ve\/wordpress\/wp-content\/uploads\/2024\/01\/WhatsApp-Image-2024-01-23-at-4.28.02-PM-1-300x200.jpeg\" alt=\"\" class=\"wp-image-17133\"\/><\/figure>\n<\/div>\n\n\n<p>\u201cNosotros hemos venido con la finalidad de revisar junto a ustedes la Agenda Concreta de Acci\u00f3n y crear planes consolidados que nos permitan hacer el seguimiento del&nbsp;<strong>Mapa de Soluciones<\/strong>&nbsp;y las victorias tempranas para el pueblo mirandino\u201d, afirm\u00f3 el General en Jefe, desde la Base A\u00e9rea General\u00edsimo Francisco de Miranda, en La Carlota.<\/p>\n\n\n\n<p>En ese sentido, Reverol destac\u00f3 la importancia de revisar y priorizar las alertas tempranas de cada eje territorial en las diferentes \u00e1reas de&nbsp;<strong>servicios p\u00fablicos<\/strong>.<\/p>\n\n\n\n<p>\u201cLos alcaldes que integran estos ejes territoriales deben elaborar proyectos comunes, en el \u00e1rea de obras p\u00fablicas y servicios para multiplicar esfuerzos, hacer un seguimiento a la gesti\u00f3n de Gobierno y avanzar con mayor rapidez en las soluciones\u201d, precis\u00f3.<\/p>\n\n\n\n<p>Asever\u00f3, igualmente, que se aplicar\u00e1 un plan de acci\u00f3n para el primer semestre del a\u00f1o en la entidad por lo que se establecer\u00e1 un seguimiento a todos los compromisos y acciones que se van a emprender.<\/p>\n\n\n\n<p>\u201cPara fortalecer el&nbsp;<strong>Plan Regional de Vialidad<\/strong>&nbsp;en la entidad, incluiremos las v\u00edas agr\u00edcolas para Miranda y fortalecer este importante sector\u201d, a\u00f1adi\u00f3.<\/p>\n\n\n\n<p>Como primer foco, atenderemos en este primer semestre los siguientes requerimientos a trav\u00e9s de la&nbsp;<strong>Vicepresidencia Sectorial de Obras P\u00fablicas y Servicios:<\/strong><\/p>\n\n\n\n<ul class=\"wp-block-list\">\n<li>Atenci\u00f3n de aguas servidas<\/li>\n\n\n\n<li>Creaci\u00f3n de pozos profundos con equipamiento solar<\/li>\n\n\n\n<li>Continuidad del Plan Complementario de Abastecimiento de Agua Potable<\/li>\n\n\n\n<li>Atenci\u00f3n Integral de la Vialidad Urbana y Agr\u00edcola, con el objetivo de incrementar la actividad econ\u00f3mica de la regi\u00f3n mirandina.<\/li>\n\n\n\n<li>Rehabilitaci\u00f3n de 100 unidades de transporte Yutong, como parte del Plan de Recuperaci\u00f3n de Flota.<\/li>\n\n\n\n<li>Despliegue del Plan Cantv Comunal para el mantenimiento correctivo, atenci\u00f3n de aver\u00edas y expansi\u00f3n de la fibra \u00f3ptica.<\/li>\n<\/ul>\n\n\n\n<p>Finalmente, reiter\u00f3 que desde la Vicepresidencia Sectorial de Obras P\u00fablicas y Servicios se atiende el llamado que hizo recientemente&nbsp;<strong>el presidente de la Rep\u00fablica, Nicol\u00e1s Maduro<\/strong>&nbsp;con el&nbsp;<strong>Plan 95<\/strong>, para alcanzar la transformaci\u00f3n de los servicios p\u00fablicos en cada rinc\u00f3n del territorio nacional.<\/p>\n\n\n<div class=\"wp-block-image\">\n<figure class=\"alignleft\"><img decoding=\"async\" src=\"http:\/\/intranet.mppee.gob.ve\/wordpress\/wp-content\/uploads\/2024\/01\/WhatsApp-Image-2024-01-23-at-4.28.01-PM-300x200.jpeg\" alt=\"\" class=\"wp-image-17134\"\/><\/figure>\n<\/div>\n\n\n<p>&nbsp;Post&nbsp;<\/p>\n","protected":false},"excerpt":{"rendered":"<p>Prensa Vpsops (Miranda 23\/01\/2024).-&nbsp;El&nbsp;vicepresidente Sectorial de Obras P\u00fablicas y Servicios, G\/J N\u00e9stor Reverol, lider\u00f3 este martes una&nbsp;reuni\u00f3n de trabajo con<\/p>\n","protected":false},"author":22,"featured_media":90141,"comment_status":"closed","ping_status":"closed","sticky":false,"template":"","format":"standard","meta":{"footnotes":""},"categories":[30],"tags":[],"class_list":["post-90140","post","type-post","status-publish","format-standard","has-post-thumbnail","hentry","category-regionales"],"_links":{"self":[{"href":"https:\/\/mppee.gob.ve\/index.php?rest_route=\/wp\/v2\/posts\/90140","targetHints":{"allow":["GET"]}}],"collection":[{"href":"https:\/\/mppee.gob.ve\/index.php?rest_route=\/wp\/v2\/posts"}],"about":[{"href":"https:\/\/mppee.gob.ve\/index.php?rest_route=\/wp\/v2\/types\/post"}],"author":[{"embeddable":true,"href":"https:\/\/mppee.gob.ve\/index.php?rest_route=\/wp\/v2\/users\/22"}],"replies":[{"embeddable":true,"href":"https:\/\/mppee.gob.ve\/index.php?rest_route=%2Fwp%2Fv2%2Fcomments&post=90140"}],"version-history":[{"count":1,"href":"https:\/\/mppee.gob.ve\/index.php?rest_route=\/wp\/v2\/posts\/90140\/revisions"}],"predecessor-version":[{"id":90142,"href":"https:\/\/mppee.gob.ve\/index.php?rest_route=\/wp\/v2\/posts\/90140\/revisions\/90142"}],"wp:featuredmedia":[{"embeddable":true,"href":"https:\/\/mppee.gob.ve\/index.php?rest_route=\/wp\/v2\/media\/90141"}],"wp:attachment":[{"href":"https:\/\/mppee.gob.ve\/index.php?rest_route=%2Fwp%2Fv2%2Fmedia&parent=90140"}],"wp:term":[{"taxonomy":"category","embeddable":true,"href":"https:\/\/mppee.gob.ve\/index.php?rest_route=%2Fwp%2Fv2%2Fcategories&post=90140"},{"taxonomy":"post_tag","embeddable":true,"href":"https:\/\/mppee.gob.ve\/index.php?rest_route=%2Fwp%2Fv2%2Ftags&post=90140"}],"curies":[{"name":"wp","href":"https:\/\/api.w.org\/{rel}","templated":true}]}}