{"id":90148,"date":"2024-01-24T01:09:48","date_gmt":"2024-01-24T01:09:48","guid":{"rendered":"http:\/\/mppee.gob.ve\/?p=90148"},"modified":"2024-01-24T01:10:20","modified_gmt":"2024-01-24T01:10:20","slug":"incluyen-energias-alternativas-dentro-del-plan-estrategico-del-sistema-electrico-nacional","status":"publish","type":"post","link":"https:\/\/mppee.gob.ve\/?p=90148","title":{"rendered":"Incluyen energ\u00edas alternativas dentro del Plan Estrat\u00e9gico del Sistema El\u00e9ctrico Nacional"},"content":{"rendered":"\n<p><strong>Prensa Mppee (Caracas, 23\/01\/2024).- Autoridades del sector el\u00e9ctrico<\/strong>&nbsp;incluyen nuevos proyectos dentro del&nbsp;<strong>Plan Estrat\u00e9gico del Sistema El\u00e9ctrico Nacional<\/strong>, entre ellos las energ\u00edas alternativas.<\/p>\n\n\n\n<p>As\u00ed lo inform\u00f3 este martes, el&nbsp;<strong>vicepresidente Sectorial de Obras P\u00fablicas y Servicios, G\/J N\u00e9stor Reverol<\/strong>, luego se sostener una reuni\u00f3n con los viceministros, gerentes, directores generales y presidentes de entes, adscritos al&nbsp;<strong>Ministerio del Poder Popular para la Energ\u00eda El\u00e9ctrica (Mppee)<\/strong>&nbsp;y la&nbsp;<strong>Corporaci\u00f3n El\u00e9ctrica Nacional (Corpoelec).<\/strong><\/p>\n\n\n<div class=\"wp-block-image\">\n<figure class=\"alignleft\"><img decoding=\"async\" src=\"http:\/\/intranet.mppee.gob.ve\/wordpress\/wp-content\/uploads\/2024\/01\/WhatsApp-Image-2024-01-23-at-9.05.45-PM-300x169.jpeg\" alt=\"\" class=\"wp-image-17146\"\/><\/figure>\n<\/div>\n\n\n<p>\u201cEstas acciones tomar\u00e1n como base el&nbsp;<strong>Plan 7T 2030<\/strong>, propuesto por nuestro presidente de la Rep\u00fablica, Nicol\u00e1s Maduro, para alcanzar las grandes transformaciones en el \u00e1rea del servicio el\u00e9ctrico y consolidar un sistema autosustentable\u201d, indic\u00f3 Reverol, desde la sede del Mppee, ubicado en San Bernardino, Caracas.<\/p>\n\n\n\n<h3 class=\"wp-block-heading\"><strong>Medidas emprendidas para el 1\u00d710 del Buen Gobierno<\/strong><\/h3>\n\n\n\n<p>Asimismo, el tambi\u00e9n ministro para la Energ\u00eda El\u00e9ctrica afirm\u00f3 que revisaron las medidas emprendidas en todo el pa\u00eds con el&nbsp;<strong>1\u00d710 del Buen Gobierno<\/strong>, \u201clas cuales se est\u00e1n trabajando en corresponsabilidad con el Poder Popular\u201d, enfatiz\u00f3.<\/p>\n\n\n\n<h4 class=\"wp-block-heading\"><strong>Protecci\u00f3n integral a la fuerza trabajadora<\/strong><\/h4>\n\n\n\n<p>El vicepresidente Reverol destac\u00f3 que otras de las \u00e1reas que priorizaron durante el encuentro son los planes establecidos para la protecci\u00f3n integral de la fuerza trabajadora en materia de salud, transporte, alimentaci\u00f3n, educaci\u00f3n, vivienda y recreaci\u00f3n, tanto para los trabajadores activos como jubilados.<\/p>\n\n\n<div class=\"wp-block-image\">\n<figure class=\"alignright\"><img decoding=\"async\" src=\"http:\/\/intranet.mppee.gob.ve\/wordpress\/wp-content\/uploads\/2024\/01\/WhatsApp-Image-2024-01-23-at-9.05.46-PM-3-300x200.jpeg\" alt=\"\" class=\"wp-image-17147\"\/><\/figure>\n<\/div>\n\n\n<p>\u201cSeguimos adelante con una voluntad inquebrantable de servir al pueblo con un&nbsp;<strong>sistema el\u00e9ctrico<\/strong>&nbsp;seguro y confiable\u201d, concluy\u00f3.<\/p>\n\n\n\n<p><strong>Prensa Mppee-Aliarly Carrillo<\/strong><\/p>\n","protected":false},"excerpt":{"rendered":"<p>Prensa Mppee (Caracas, 23\/01\/2024).- Autoridades del sector el\u00e9ctrico&nbsp;incluyen nuevos proyectos dentro del&nbsp;Plan Estrat\u00e9gico del Sistema El\u00e9ctrico Nacional, entre ellos las<\/p>\n","protected":false},"author":22,"featured_media":90150,"comment_status":"closed","ping_status":"closed","sticky":false,"template":"","format":"standard","meta":{"footnotes":""},"categories":[15],"tags":[],"class_list":["post-90148","post","type-post","status-publish","format-standard","has-post-thumbnail","hentry","category-nacionales"],"_links":{"self":[{"href":"https:\/\/mppee.gob.ve\/index.php?rest_route=\/wp\/v2\/posts\/90148","targetHints":{"allow":["GET"]}}],"collection":[{"href":"https:\/\/mppee.gob.ve\/index.php?rest_route=\/wp\/v2\/posts"}],"about":[{"href":"https:\/\/mppee.gob.ve\/index.php?rest_route=\/wp\/v2\/types\/post"}],"author":[{"embeddable":true,"href":"https:\/\/mppee.gob.ve\/index.php?rest_route=\/wp\/v2\/users\/22"}],"replies":[{"embeddable":true,"href":"https:\/\/mppee.gob.ve\/index.php?rest_route=%2Fwp%2Fv2%2Fcomments&post=90148"}],"version-history":[{"count":1,"href":"https:\/\/mppee.gob.ve\/index.php?rest_route=\/wp\/v2\/posts\/90148\/revisions"}],"predecessor-version":[{"id":90149,"href":"https:\/\/mppee.gob.ve\/index.php?rest_route=\/wp\/v2\/posts\/90148\/revisions\/90149"}],"wp:featuredmedia":[{"embeddable":true,"href":"https:\/\/mppee.gob.ve\/index.php?rest_route=\/wp\/v2\/media\/90150"}],"wp:attachment":[{"href":"https:\/\/mppee.gob.ve\/index.php?rest_route=%2Fwp%2Fv2%2Fmedia&parent=90148"}],"wp:term":[{"taxonomy":"category","embeddable":true,"href":"https:\/\/mppee.gob.ve\/index.php?rest_route=%2Fwp%2Fv2%2Fcategories&post=90148"},{"taxonomy":"post_tag","embeddable":true,"href":"https:\/\/mppee.gob.ve\/index.php?rest_route=%2Fwp%2Fv2%2Ftags&post=90148"}],"curies":[{"name":"wp","href":"https:\/\/api.w.org\/{rel}","templated":true}]}}