{"id":90151,"date":"2024-01-24T21:45:16","date_gmt":"2024-01-24T21:45:16","guid":{"rendered":"http:\/\/mppee.gob.ve\/?p=90151"},"modified":"2024-03-25T20:52:37","modified_gmt":"2024-03-25T20:52:37","slug":"corpoelec-activa-plan-de-accion-de-atencion-2024-para-la-fuerza-trabajadora-del-sen","status":"publish","type":"post","link":"https:\/\/mppee.gob.ve\/?p=90151","title":{"rendered":"Corpoelec activa Plan de Acci\u00f3n de Atenci\u00f3n 2024 para la Fuerza Trabajadora del SEN"},"content":{"rendered":"\n<p>Prensa Mppee (Caracas, 24\/01\/2024).- La&nbsp;<strong>Corporaci\u00f3n El\u00e9ctrica Nacional (Corpoelec)&nbsp;<\/strong>reuni\u00f3 por d\u00edas consecutivos a<strong>&nbsp;24 gerentes estadales de Talento Humano<\/strong>&nbsp;en mesas t\u00e9cnicas de trabajo con la finalidad de activar el&nbsp;<strong>Plan de Atenci\u00f3n 2024.<\/strong><\/p>\n\n\n\n<p>Esta actividad estuvo liderada por el&nbsp;<strong>presidente de Corpoelec, Ingeniero Jos\u00e9 Luis Betancourt<\/strong>&nbsp;y la&nbsp;<strong>gerente general de Talento Humano, Karol Abad,<\/strong>&nbsp;y se llev\u00f3 a cabo en las instalaciones del Centro Nacional de Despacho, en El Marqu\u00e9s, estado Miranda.<\/p>\n\n\n<div class=\"wp-block-image\">\n<figure class=\"alignleft\"><img decoding=\"async\" src=\"http:\/\/intranet.mppee.gob.ve\/wordpress\/wp-content\/uploads\/2024\/01\/WhatsApp-Image-2024-01-24-at-1.58.51-PM-8-300x200.jpeg\" alt=\"\" class=\"wp-image-17151\"\/><\/figure>\n<\/div>\n\n\n<p>\u201cEn este encuentro revisamos el Plan de Acci\u00f3n a desarrollar durante el 2024, con nuevas metas que fortalecer\u00e1n la protecci\u00f3n y el bienestar de la fuerza trabajadora, en respuesta a la primera l\u00ednea estrat\u00e9gica del&nbsp;<strong>Sistema El\u00e9ctrico Nacional<\/strong>\u201d, explic\u00f3 Betancourt.<\/p>\n\n\n\n<p>Tambi\u00e9n se abord\u00f3 el tema de los procesos administrativos y el trabajo en conjunto de atenci\u00f3n integral social para la&nbsp;<strong>fuerza trabajadora del SEN.<\/strong><\/p>\n\n\n\n<p>\u201cEstamos preparados para los nuevos desaf\u00edos y para ello contamos con nuestra fuerza trabajadora que tiene disciplina, organizaci\u00f3n y compromiso\u201d, resalt\u00f3 el presidente de&nbsp;<strong>Corpoelec<\/strong>.<\/p>\n\n\n\n<p>Prensa \/ Jeimi Avenda\u00f1o<\/p>\n","protected":false},"excerpt":{"rendered":"<p>Prensa Mppee (Caracas, 24\/01\/2024).- La&nbsp;Corporaci\u00f3n El\u00e9ctrica Nacional (Corpoelec)&nbsp;reuni\u00f3 por d\u00edas consecutivos a&nbsp;24 gerentes estadales de Talento Humano&nbsp;en mesas t\u00e9cnicas de<\/p>\n","protected":false},"author":22,"featured_media":90357,"comment_status":"closed","ping_status":"closed","sticky":false,"template":"","format":"standard","meta":{"footnotes":""},"categories":[1],"tags":[],"class_list":["post-90151","post","type-post","status-publish","format-standard","has-post-thumbnail","hentry","category-mppee"],"_links":{"self":[{"href":"https:\/\/mppee.gob.ve\/index.php?rest_route=\/wp\/v2\/posts\/90151","targetHints":{"allow":["GET"]}}],"collection":[{"href":"https:\/\/mppee.gob.ve\/index.php?rest_route=\/wp\/v2\/posts"}],"about":[{"href":"https:\/\/mppee.gob.ve\/index.php?rest_route=\/wp\/v2\/types\/post"}],"author":[{"embeddable":true,"href":"https:\/\/mppee.gob.ve\/index.php?rest_route=\/wp\/v2\/users\/22"}],"replies":[{"embeddable":true,"href":"https:\/\/mppee.gob.ve\/index.php?rest_route=%2Fwp%2Fv2%2Fcomments&post=90151"}],"version-history":[{"count":1,"href":"https:\/\/mppee.gob.ve\/index.php?rest_route=\/wp\/v2\/posts\/90151\/revisions"}],"predecessor-version":[{"id":90153,"href":"https:\/\/mppee.gob.ve\/index.php?rest_route=\/wp\/v2\/posts\/90151\/revisions\/90153"}],"wp:featuredmedia":[{"embeddable":true,"href":"https:\/\/mppee.gob.ve\/index.php?rest_route=\/wp\/v2\/media\/90357"}],"wp:attachment":[{"href":"https:\/\/mppee.gob.ve\/index.php?rest_route=%2Fwp%2Fv2%2Fmedia&parent=90151"}],"wp:term":[{"taxonomy":"category","embeddable":true,"href":"https:\/\/mppee.gob.ve\/index.php?rest_route=%2Fwp%2Fv2%2Fcategories&post=90151"},{"taxonomy":"post_tag","embeddable":true,"href":"https:\/\/mppee.gob.ve\/index.php?rest_route=%2Fwp%2Fv2%2Ftags&post=90151"}],"curies":[{"name":"wp","href":"https:\/\/api.w.org\/{rel}","templated":true}]}}