{"id":90158,"date":"2024-01-26T23:27:35","date_gmt":"2024-01-26T23:27:35","guid":{"rendered":"http:\/\/mppee.gob.ve\/?p=90158"},"modified":"2024-01-26T23:27:36","modified_gmt":"2024-01-26T23:27:36","slug":"inicia-la-jornada-viernes-de-1x10-y-servicios-para-caracas","status":"publish","type":"post","link":"https:\/\/mppee.gob.ve\/?p=90158","title":{"rendered":"Inicia la jornada Viernes de 1\u00d710 y Servicios para Caracas"},"content":{"rendered":"\n<p><strong>Prensa VPSOPS (Caracas, 26\/01\/2024).-<\/strong>&nbsp;Este 26 de enero inici\u00f3 la&nbsp;<strong>jornada Viernes de 1\u00d710 y Servicios para Caracas<\/strong>, espec\u00edficamente en el&nbsp;<strong>eje territorial 14 de Propatria<\/strong>, en la parroquia Sucre del municipio Libertador.<\/p>\n\n\n<div class=\"wp-block-image\">\n<figure class=\"alignright\"><img decoding=\"async\" src=\"http:\/\/intranet.mppee.gob.ve\/wordpress\/wp-content\/uploads\/2024\/01\/WhatsApp-Image-2024-01-26-at-3.01.58-PM-1-300x200.jpeg\" alt=\"\" class=\"wp-image-17161\"\/><\/figure>\n<\/div>\n\n\n<p>As\u00ed lo inform\u00f3 el&nbsp;<strong>vicepresidente Sectorial de Obras P\u00fablicas y Servicios (Vpsops)&nbsp; G\/J N\u00e9stor Reverol<\/strong>, desde la Casa del Obrero, ubicada en este sector del oeste capitalino, en compa\u00f1\u00eda de la alcaldesa de Caracas, Carmen Mel\u00e9ndez y el jefe de Gobierno, Nahum Fern\u00e1ndez.<\/p>\n\n\n\n<p>\u201cRecorrimos las calles de Propatria de la mano del Poder Popular, escuchando sus planteamientos para seguir avanzando hacia las siete etapas de transformaci\u00f3n en materia de servicios p\u00fablicos\u201d, manifest\u00f3 el General en Jefe, destacando que el \u201cvinimos a cumplir con los reportes del 1\u00d710 del Buen Gobierno, hacer un diagn\u00f3stico del sector y llevarnos compromisos para cada que una de las autoridades los asuma y haga seguimiento a trav\u00e9s de la Sala Situacional\u201d, precis\u00f3.<\/p>\n\n\n\n<p>En el marco de este encuentro, en el que tambi\u00e9n participaron los ministerios y entes adscritos a la Vpsops, se dieron a conocer algunos trabajos que se realizar\u00e1n en este importante sector.<\/p>\n\n\n\n<ul class=\"wp-block-list\">\n<li>Entrega de m\u00e1s de 4 mil 500 bombillos casa por casa y sustituci\u00f3n de 650 luminarias para el alumbrado p\u00fablico<\/li>\n\n\n\n<li>Colocaci\u00f3n de 250 metros de colectores de aguas servidas y mantenimiento a las v\u00e1lvulas de distribuci\u00f3n<\/li>\n\n\n\n<li>Sustituci\u00f3n de 200 cilindros de gas y Plan de Saturaci\u00f3n con planta m\u00f3vil que permitir\u00e1 reducir los ciclos de distribuci\u00f3n<\/li>\n\n\n\n<li>Mantenimiento correctivo en redes locales de telefon\u00eda<\/li>\n\n\n\n<li>Activaci\u00f3n de las Brigadas Comunitarias Militares para la Educaci\u00f3n y la Salud (Bricomiles), en apoyo a los servicios p\u00fablicos<\/li>\n<\/ul>\n\n\n\n<h3 class=\"wp-block-heading\"><strong>Asamblea con el pueblo<\/strong><\/h3>\n\n\n\n<p>Reverol aprovech\u00f3 su visita para asistir a una Asamblea de Servicios P\u00fablicos, donde escuch\u00f3 las prioridades que tiene el Poder Popular referente a este tema. \u201cAqu\u00ed estamos junto al Poder Popular, para evaluar la Agenda Concreta de Acci\u00f3n y el Mapa de Soluciones en materia de servicios p\u00fablicos, en una toma de decisiones conjunta que nos garantice el bienestar integral de la comunidad\u201d, concluy\u00f3.<\/p>\n\n\n\n<p><strong>Prensa VPSOPS-Aliarly Carrillo<\/strong><\/p>\n","protected":false},"excerpt":{"rendered":"<p>Prensa VPSOPS (Caracas, 26\/01\/2024).-&nbsp;Este 26 de enero inici\u00f3 la&nbsp;jornada Viernes de 1\u00d710 y Servicios para Caracas, espec\u00edficamente en el&nbsp;eje territorial<\/p>\n","protected":false},"author":22,"featured_media":90159,"comment_status":"closed","ping_status":"closed","sticky":false,"template":"","format":"standard","meta":{"footnotes":""},"categories":[30],"tags":[111],"class_list":["post-90158","post","type-post","status-publish","format-standard","has-post-thumbnail","hentry","category-regionales","tag-caracas"],"_links":{"self":[{"href":"https:\/\/mppee.gob.ve\/index.php?rest_route=\/wp\/v2\/posts\/90158","targetHints":{"allow":["GET"]}}],"collection":[{"href":"https:\/\/mppee.gob.ve\/index.php?rest_route=\/wp\/v2\/posts"}],"about":[{"href":"https:\/\/mppee.gob.ve\/index.php?rest_route=\/wp\/v2\/types\/post"}],"author":[{"embeddable":true,"href":"https:\/\/mppee.gob.ve\/index.php?rest_route=\/wp\/v2\/users\/22"}],"replies":[{"embeddable":true,"href":"https:\/\/mppee.gob.ve\/index.php?rest_route=%2Fwp%2Fv2%2Fcomments&post=90158"}],"version-history":[{"count":1,"href":"https:\/\/mppee.gob.ve\/index.php?rest_route=\/wp\/v2\/posts\/90158\/revisions"}],"predecessor-version":[{"id":90160,"href":"https:\/\/mppee.gob.ve\/index.php?rest_route=\/wp\/v2\/posts\/90158\/revisions\/90160"}],"wp:featuredmedia":[{"embeddable":true,"href":"https:\/\/mppee.gob.ve\/index.php?rest_route=\/wp\/v2\/media\/90159"}],"wp:attachment":[{"href":"https:\/\/mppee.gob.ve\/index.php?rest_route=%2Fwp%2Fv2%2Fmedia&parent=90158"}],"wp:term":[{"taxonomy":"category","embeddable":true,"href":"https:\/\/mppee.gob.ve\/index.php?rest_route=%2Fwp%2Fv2%2Fcategories&post=90158"},{"taxonomy":"post_tag","embeddable":true,"href":"https:\/\/mppee.gob.ve\/index.php?rest_route=%2Fwp%2Fv2%2Ftags&post=90158"}],"curies":[{"name":"wp","href":"https:\/\/api.w.org\/{rel}","templated":true}]}}