{"id":90205,"date":"2024-02-10T23:02:03","date_gmt":"2024-02-10T23:02:03","guid":{"rendered":"http:\/\/mppee.gob.ve\/?p=90205"},"modified":"2024-02-23T23:04:45","modified_gmt":"2024-02-23T23:04:45","slug":"evaluan-las-estrategias-que-desarrollan-en-las-areas-medulares-del-sen","status":"publish","type":"post","link":"https:\/\/mppee.gob.ve\/?p=90205","title":{"rendered":"Eval\u00faan las estrategias que desarrollan en las \u00e1reas medulares del SEN"},"content":{"rendered":"<p>Este viernes, los Gerentes Territoriales del sector el\u00e9ctrico evaluaron las estrategias que se desarrollan en las diferentes \u00e1reas medulares del Sistema El\u00e9ctrico Nacional (SEN).<\/p>\n<p>La informaci\u00f3n la dio a conocer el vicepresidente Sectorial de Obras P\u00fablicas y Servicios, G\/J N\u00e9stor Reverol, quien se reuni\u00f3 con los Gerentes Territoriales de Corporaci\u00f3n El\u00e9ctrica Nacional (Corpoelec), su presidente Ing. Jos\u00e9 Luis Betancourt, y viceministros del despacho de Energ\u00eda El\u00e9ctrica (Mppee), en la sede de la instituci\u00f3n ubicada en el San Bernardino, Caracas.<\/p>\n<p><img loading=\"lazy\" decoding=\"async\" class=\"alignnone size-medium wp-image-17248 alignleft\" src=\"http:\/\/intranet.mppee.gob.ve\/wordpress\/wp-content\/uploads\/2024\/02\/WhatsApp-Image-2024-02-09-at-9.03.49-PM-1-300x225.jpeg\" alt=\"\" width=\"300\" height=\"225\" \/><\/p>\n<p>\u201cSe discuti\u00f3 la operatividad y el mantenimiento integral de las instalaciones el\u00e9ctricas y los proyectos de energ\u00eda fotovoltaica que contribuye con el 5to objetivo del Plan de la Patria, que consiste en la preservaci\u00f3n de la vida en el planeta y la salvaci\u00f3n de la especie humana\u201d, explic\u00f3 Reverol.<\/p>\n<p>Precis\u00f3 que otros de los temas en la agenda fue el Plan de Trabajo en materia de comercializaci\u00f3n de cada regi\u00f3n, los proyectos de electrificaci\u00f3n, instalaci\u00f3n de luminarias, transformadores y pica y poda.<\/p>\n<p>As\u00ed como las principales solicitudes de los ciudadanos a trav\u00e9s de la plataforma VenApp del Sistema 1&#215;10 del Buen Gobierno.<\/p>\n<p>\u201cNuestro objetivo es consolidar el servicio el\u00e9ctrico en todo el pa\u00eds y para ello tenemos una voluntad inquebrantable\u201d, concluy\u00f3 Reverol.<\/p>\n<p>Prensa Mppee<\/p>\n","protected":false},"excerpt":{"rendered":"<p>Este viernes, los Gerentes Territoriales del sector el\u00e9ctrico evaluaron las estrategias que se desarrollan en las diferentes \u00e1reas medulares del<\/p>\n","protected":false},"author":12,"featured_media":90206,"comment_status":"closed","ping_status":"closed","sticky":false,"template":"","format":"standard","meta":{"footnotes":""},"categories":[15],"tags":[111,11],"class_list":["post-90205","post","type-post","status-publish","format-standard","has-post-thumbnail","hentry","category-nacionales","tag-caracas","tag-mppee"],"_links":{"self":[{"href":"https:\/\/mppee.gob.ve\/index.php?rest_route=\/wp\/v2\/posts\/90205","targetHints":{"allow":["GET"]}}],"collection":[{"href":"https:\/\/mppee.gob.ve\/index.php?rest_route=\/wp\/v2\/posts"}],"about":[{"href":"https:\/\/mppee.gob.ve\/index.php?rest_route=\/wp\/v2\/types\/post"}],"author":[{"embeddable":true,"href":"https:\/\/mppee.gob.ve\/index.php?rest_route=\/wp\/v2\/users\/12"}],"replies":[{"embeddable":true,"href":"https:\/\/mppee.gob.ve\/index.php?rest_route=%2Fwp%2Fv2%2Fcomments&post=90205"}],"version-history":[{"count":1,"href":"https:\/\/mppee.gob.ve\/index.php?rest_route=\/wp\/v2\/posts\/90205\/revisions"}],"predecessor-version":[{"id":90207,"href":"https:\/\/mppee.gob.ve\/index.php?rest_route=\/wp\/v2\/posts\/90205\/revisions\/90207"}],"wp:featuredmedia":[{"embeddable":true,"href":"https:\/\/mppee.gob.ve\/index.php?rest_route=\/wp\/v2\/media\/90206"}],"wp:attachment":[{"href":"https:\/\/mppee.gob.ve\/index.php?rest_route=%2Fwp%2Fv2%2Fmedia&parent=90205"}],"wp:term":[{"taxonomy":"category","embeddable":true,"href":"https:\/\/mppee.gob.ve\/index.php?rest_route=%2Fwp%2Fv2%2Fcategories&post=90205"},{"taxonomy":"post_tag","embeddable":true,"href":"https:\/\/mppee.gob.ve\/index.php?rest_route=%2Fwp%2Fv2%2Ftags&post=90205"}],"curies":[{"name":"wp","href":"https:\/\/api.w.org\/{rel}","templated":true}]}}