{"id":90208,"date":"2024-02-10T23:05:19","date_gmt":"2024-02-10T23:05:19","guid":{"rendered":"http:\/\/mppee.gob.ve\/?p=90208"},"modified":"2024-03-25T21:02:28","modified_gmt":"2024-03-25T21:02:28","slug":"realizan-jornada-de-construccion-colectiva-para-la-transformacion-ecologica","status":"publish","type":"post","link":"https:\/\/mppee.gob.ve\/?p=90208","title":{"rendered":"Realizan Jornada de Construcci\u00f3n Colectiva para la Transformaci\u00f3n Ecol\u00f3gica"},"content":{"rendered":"<p>Este s\u00e1bado, se realiz\u00f3 una gran Jornada de Construcci\u00f3n Colectiva para la Transformaci\u00f3n Ecol\u00f3gica, a fin de fortalecer el despliegue de la 6ta l\u00ednea del Plan de las 7T 2030, anunciadas por el presidente Nicol\u00e1s Maduro.<\/p>\n<p>El evento estuvo organizado por el Comit\u00e9 Nacional de Transformaci\u00f3n Ecol\u00f3gica y cont\u00f3 con la asistencia de los integrantes de la Vicepresidencia Sectorial de Obras P\u00fablicas y Servicios, adem\u00e1s de la alcaldesa de Caracas, Carmen Mel\u00e9ndez.<\/p>\n<p><img loading=\"lazy\" decoding=\"async\" class=\"size-medium wp-image-17255 alignleft\" src=\"http:\/\/intranet.mppee.gob.ve\/wordpress\/wp-content\/uploads\/2024\/02\/Realizan-Jornada-de-Construcci%C3%B3n-Colectiva-para-la-Transformaci%C3%B3n-Ecol%C3%B3gica-4-1-300x200.jpeg\" sizes=\"auto, (max-width: 300px) 100vw, 300px\" srcset=\"http:\/\/intranet.mppee.gob.ve\/wordpress\/wp-content\/uploads\/2024\/02\/Realizan-Jornada-de-Construcci\u00f3n-Colectiva-para-la-Transformaci\u00f3n-Ecol\u00f3gica-4-1-300x200.jpeg 300w, http:\/\/intranet.mppee.gob.ve\/wordpress\/wp-content\/uploads\/2024\/02\/Realizan-Jornada-de-Construcci\u00f3n-Colectiva-para-la-Transformaci\u00f3n-Ecol\u00f3gica-4-1-768x512.jpeg 768w, http:\/\/intranet.mppee.gob.ve\/wordpress\/wp-content\/uploads\/2024\/02\/Realizan-Jornada-de-Construcci\u00f3n-Colectiva-para-la-Transformaci\u00f3n-Ecol\u00f3gica-4-1-1024x682.jpeg 1024w, http:\/\/intranet.mppee.gob.ve\/wordpress\/wp-content\/uploads\/2024\/02\/Realizan-Jornada-de-Construcci\u00f3n-Colectiva-para-la-Transformaci\u00f3n-Ecol\u00f3gica-4-1.jpeg 1280w\" alt=\"\" width=\"300\" height=\"200\" \/><\/p>\n<p>Durante su intervenci\u00f3n, el vicepresidente Sectorial de Obras P\u00fablicas y Servicios, G\/J N\u00e9stor Reverol, manifest\u00f3 que desde el ministerio para la Energ\u00eda El\u00e9ctrica se han dise\u00f1ado un conjunto de pol\u00edticas p\u00fablicas para combatir la crisis clim\u00e1tica.<\/p>\n<p>\u201cEstamos realizando acciones para combatir la crisis clim\u00e1tica con el dise\u00f1o de planes y en ese sentido estamos capacitando al personal del sector el\u00e9ctrico y vinculando su papel protag\u00f3nico con la generaci\u00f3n de energ\u00edas limpias como una alternativa para la transformaci\u00f3n ecol\u00f3gica e impulso del 5to Objetivo de la Patria 2019 -2025\u201d, puntualiz\u00f3 el Vicepresidente Sectorial.<\/p>\n<p>Reverol agradeci\u00f3 la participaci\u00f3n del Poder Popular organizado que dio un debate abierto para consolidar un nuevo modelo de pa\u00eds basado en la preservaci\u00f3n de la vida y la madre tierra, la participaci\u00f3n protag\u00f3nica, la justicia social e independencia econ\u00f3mica.<\/p>\n<p><img loading=\"lazy\" decoding=\"async\" class=\"alignnone size-medium wp-image-17254 alignright\" src=\"http:\/\/intranet.mppee.gob.ve\/wordpress\/wp-content\/uploads\/2024\/02\/Realizan-Jornada-de-Construcci%C3%B3n-Colectiva-para-la-Transformaci%C3%B3n-Ecol%C3%B3gica-6-300x200.jpeg\" sizes=\"auto, (max-width: 300px) 100vw, 300px\" srcset=\"http:\/\/intranet.mppee.gob.ve\/wordpress\/wp-content\/uploads\/2024\/02\/Realizan-Jornada-de-Construcci\u00f3n-Colectiva-para-la-Transformaci\u00f3n-Ecol\u00f3gica-6-300x200.jpeg 300w, http:\/\/intranet.mppee.gob.ve\/wordpress\/wp-content\/uploads\/2024\/02\/Realizan-Jornada-de-Construcci\u00f3n-Colectiva-para-la-Transformaci\u00f3n-Ecol\u00f3gica-6-768x512.jpeg 768w, http:\/\/intranet.mppee.gob.ve\/wordpress\/wp-content\/uploads\/2024\/02\/Realizan-Jornada-de-Construcci\u00f3n-Colectiva-para-la-Transformaci\u00f3n-Ecol\u00f3gica-6-1024x682.jpeg 1024w, http:\/\/intranet.mppee.gob.ve\/wordpress\/wp-content\/uploads\/2024\/02\/Realizan-Jornada-de-Construcci\u00f3n-Colectiva-para-la-Transformaci\u00f3n-Ecol\u00f3gica-6.jpeg 1280w\" alt=\"\" width=\"300\" height=\"200\" \/><\/p>\n<p>El Vicepresidente Sectorial explic\u00f3 que cuando se habla de ecosocialismo debe entenderse como la conjugaci\u00f3n de la preservaci\u00f3n del ambiente en lo humano. \u201cNuestro Comandante Supremo Hugo Ch\u00e1vez quiso fusionar esos elementos para crear un ambiente de esperanza\u201d, a\u00f1adi\u00f3.<\/p>\n<p>Finalmente, resalt\u00f3 que el pueblo tiene el Mapa de Soluciones y la Agenda Concreta de Acci\u00f3n en todas las \u00e1reas del territorio. \u201cA trav\u00e9s de esta herramienta el Poder Popular puede contribuir a la preservaci\u00f3n del ambiente en sus comunidades\u201d, dijo Reverol.<\/p>\n<p><strong>Prensa VPSOPS<\/strong><\/p>\n","protected":false},"excerpt":{"rendered":"<p>Este s\u00e1bado, se realiz\u00f3 una gran Jornada de Construcci\u00f3n Colectiva para la Transformaci\u00f3n Ecol\u00f3gica, a fin de fortalecer el despliegue<\/p>\n","protected":false},"author":12,"featured_media":90363,"comment_status":"closed","ping_status":"closed","sticky":false,"template":"","format":"standard","meta":{"footnotes":""},"categories":[15],"tags":[],"class_list":["post-90208","post","type-post","status-publish","format-standard","has-post-thumbnail","hentry","category-nacionales"],"_links":{"self":[{"href":"https:\/\/mppee.gob.ve\/index.php?rest_route=\/wp\/v2\/posts\/90208","targetHints":{"allow":["GET"]}}],"collection":[{"href":"https:\/\/mppee.gob.ve\/index.php?rest_route=\/wp\/v2\/posts"}],"about":[{"href":"https:\/\/mppee.gob.ve\/index.php?rest_route=\/wp\/v2\/types\/post"}],"author":[{"embeddable":true,"href":"https:\/\/mppee.gob.ve\/index.php?rest_route=\/wp\/v2\/users\/12"}],"replies":[{"embeddable":true,"href":"https:\/\/mppee.gob.ve\/index.php?rest_route=%2Fwp%2Fv2%2Fcomments&post=90208"}],"version-history":[{"count":1,"href":"https:\/\/mppee.gob.ve\/index.php?rest_route=\/wp\/v2\/posts\/90208\/revisions"}],"predecessor-version":[{"id":90210,"href":"https:\/\/mppee.gob.ve\/index.php?rest_route=\/wp\/v2\/posts\/90208\/revisions\/90210"}],"wp:featuredmedia":[{"embeddable":true,"href":"https:\/\/mppee.gob.ve\/index.php?rest_route=\/wp\/v2\/media\/90363"}],"wp:attachment":[{"href":"https:\/\/mppee.gob.ve\/index.php?rest_route=%2Fwp%2Fv2%2Fmedia&parent=90208"}],"wp:term":[{"taxonomy":"category","embeddable":true,"href":"https:\/\/mppee.gob.ve\/index.php?rest_route=%2Fwp%2Fv2%2Fcategories&post=90208"},{"taxonomy":"post_tag","embeddable":true,"href":"https:\/\/mppee.gob.ve\/index.php?rest_route=%2Fwp%2Fv2%2Ftags&post=90208"}],"curies":[{"name":"wp","href":"https:\/\/api.w.org\/{rel}","templated":true}]}}