{"id":90211,"date":"2024-02-16T23:07:25","date_gmt":"2024-02-16T23:07:25","guid":{"rendered":"http:\/\/mppee.gob.ve\/?p=90211"},"modified":"2024-03-25T21:00:13","modified_gmt":"2024-03-25T21:00:13","slug":"presidente-maduro-designa-al-g-j-nestor-reverol-como-padrino-del-zulia","status":"publish","type":"post","link":"https:\/\/mppee.gob.ve\/?p=90211","title":{"rendered":"Presidente Maduro designa al G\/J N\u00e9stor Reverol como padrino del Zulia"},"content":{"rendered":"<p>El\u00a0<strong>presidente de la Rep\u00fablica, Nicol\u00e1s Maduro<\/strong>, cre\u00f3 el\u00a0<strong>Comando Especial Presidencial de Gobierno<\/strong>, instancia que llegar\u00e1 a todo el territorio nacional con tres componentes esenciales:\u00a0<strong>1X10 del Buen Gobierno, Bricomiles y Misiones y Grandes Misiones.<\/strong><\/p>\n<p>Para cumplir con ello, explic\u00f3 que designar\u00e1 para cada estado, incluida Caracas, una madrina o padrino que se encargar\u00e1 de garantizar soluciones eficientes a las demandas m\u00e1s sensibles del pueblo venezolano.<\/p>\n<p>En tal sentido, design\u00f3 al\u00a0<strong>vicepresidente Sectorial de Obras P\u00fablicas y Servicios, G\/J N\u00e9stor Reverol, como padrino del estado Zulia.<\/strong><\/p>\n<p>\u201c<strong>N\u00e9stor Reverol<\/strong>\u00a0te vas para el Zulia (\u2026) para que las pol\u00edticas p\u00fablicas lleguen a las profundidades de la entidad\u201d, dijo Maduro, durante una reuni\u00f3n de trabajo con el Sistema 1\u00d710 del Buen Gobierno, en la capital venezolana.<\/p>\n<p><img loading=\"lazy\" decoding=\"async\" class=\"alignnone size-medium wp-image-17264 alignleft\" src=\"http:\/\/intranet.mppee.gob.ve\/wordpress\/wp-content\/uploads\/2024\/02\/GGaolQaW4AAZ4hu-300x200.jpg\" sizes=\"auto, (max-width: 300px) 100vw, 300px\" srcset=\"http:\/\/intranet.mppee.gob.ve\/wordpress\/wp-content\/uploads\/2024\/02\/GGaolQaW4AAZ4hu-300x200.jpg 300w, http:\/\/intranet.mppee.gob.ve\/wordpress\/wp-content\/uploads\/2024\/02\/GGaolQaW4AAZ4hu-678x453.jpg 678w, http:\/\/intranet.mppee.gob.ve\/wordpress\/wp-content\/uploads\/2024\/02\/GGaolQaW4AAZ4hu.jpg 680w\" alt=\"\" width=\"300\" height=\"200\" \/><\/p>\n<p>Las dem\u00e1s entidades tendr\u00e1n como encargados a: Caracas, Mervin Maldonado; Zulia, N\u00e9stor Reverol; Miranda, Gabriela Jim\u00e9nez; Carabobo, Dheliz \u00c1lvarez; Aragua, Yelitze Santaella; Lara, Ernesto Villegas; Anzo\u00e1tegui, Pedro Tellechea; Bol\u00edvar, Delcy Rodr\u00edguez; T\u00e1chira, Rodolfo Marco Torres.<\/p>\n<p>Para Falc\u00f3n, Juan Carlos Loyo; Sucre, Remigio Ceballos; Monaga, Carlos Leal Teller\u00eda; Portuguesa, Ra\u00fal Paredes; M\u00e9rida, Wilmar Castro Soteldo; Barinas, Vladimir Padrino L\u00f3pez; Gu\u00e1rico, Ricardo Men\u00e9ndez; Trujillo, Magaly Guti\u00e9rrez; Yaracuy, Jos\u00e9 F\u00e9lix Rivas.<\/p>\n<p>Mientras que para Nueva Esparta, Al\u00ed Padr\u00f3n; Apure, Ildemaro Villarroel; La Guaira, Yv\u00e1n Gil; Cojedes, Sandra Oblitas; Delta Amacuro,\u00a0 Clara Vidal, y Amazonas, Josu\u00e9 Lorca.<\/p>\n<p>El\u00a0<strong>Comando Especial Presidencial de Gobierno\u00a0<\/strong>estar\u00e1 a cargo de la jefatura nacional del equipo del Puesto de Comando Presidencial del Sistema\u00a0<strong>1\u00d710 del Buen Gobierno<\/strong>, dirigida por Leonardo Montezuma.<\/p>\n<p>\u201cVamos a dar los mejores resultados en la efectividad de la llegada de las pol\u00edticas p\u00fablicas al pueblo\u201d, enfatiz\u00f3 Maduro.<\/p>\n<p>Prensa Vpsops<\/p>\n","protected":false},"excerpt":{"rendered":"<p>El\u00a0presidente de la Rep\u00fablica, Nicol\u00e1s Maduro, cre\u00f3 el\u00a0Comando Especial Presidencial de Gobierno, instancia que llegar\u00e1 a todo el territorio nacional<\/p>\n","protected":false},"author":12,"featured_media":90362,"comment_status":"closed","ping_status":"closed","sticky":false,"template":"","format":"standard","meta":{"footnotes":""},"categories":[15],"tags":[11],"class_list":["post-90211","post","type-post","status-publish","format-standard","has-post-thumbnail","hentry","category-nacionales","tag-mppee"],"_links":{"self":[{"href":"https:\/\/mppee.gob.ve\/index.php?rest_route=\/wp\/v2\/posts\/90211","targetHints":{"allow":["GET"]}}],"collection":[{"href":"https:\/\/mppee.gob.ve\/index.php?rest_route=\/wp\/v2\/posts"}],"about":[{"href":"https:\/\/mppee.gob.ve\/index.php?rest_route=\/wp\/v2\/types\/post"}],"author":[{"embeddable":true,"href":"https:\/\/mppee.gob.ve\/index.php?rest_route=\/wp\/v2\/users\/12"}],"replies":[{"embeddable":true,"href":"https:\/\/mppee.gob.ve\/index.php?rest_route=%2Fwp%2Fv2%2Fcomments&post=90211"}],"version-history":[{"count":1,"href":"https:\/\/mppee.gob.ve\/index.php?rest_route=\/wp\/v2\/posts\/90211\/revisions"}],"predecessor-version":[{"id":90213,"href":"https:\/\/mppee.gob.ve\/index.php?rest_route=\/wp\/v2\/posts\/90211\/revisions\/90213"}],"wp:featuredmedia":[{"embeddable":true,"href":"https:\/\/mppee.gob.ve\/index.php?rest_route=\/wp\/v2\/media\/90362"}],"wp:attachment":[{"href":"https:\/\/mppee.gob.ve\/index.php?rest_route=%2Fwp%2Fv2%2Fmedia&parent=90211"}],"wp:term":[{"taxonomy":"category","embeddable":true,"href":"https:\/\/mppee.gob.ve\/index.php?rest_route=%2Fwp%2Fv2%2Fcategories&post=90211"},{"taxonomy":"post_tag","embeddable":true,"href":"https:\/\/mppee.gob.ve\/index.php?rest_route=%2Fwp%2Fv2%2Ftags&post=90211"}],"curies":[{"name":"wp","href":"https:\/\/api.w.org\/{rel}","templated":true}]}}