{"id":90214,"date":"2024-02-21T23:10:27","date_gmt":"2024-02-21T23:10:27","guid":{"rendered":"http:\/\/mppee.gob.ve\/?p=90214"},"modified":"2024-02-23T23:12:11","modified_gmt":"2024-02-23T23:12:11","slug":"corpoelec-trabaja-para-restituir-servicio-electrico-en-el-sector-aroa-de-el-vigia","status":"publish","type":"post","link":"https:\/\/mppee.gob.ve\/?p=90214","title":{"rendered":"Corpoelec trabaja para restituir servicio el\u00e9ctrico en el sector Aroa de El Vig\u00eda"},"content":{"rendered":"<p>La fuerza trabajadora de la Corporaci\u00f3n El\u00e9ctrica Nacional (Corpoelec) se mantiene desplegada en el sector Aroa de El Vig\u00eda, en el estado M\u00e9rida, donde se realizan importantes trabajos de adecuaci\u00f3n para restituir el servicio el\u00e9ctrico, luego de las fuertes lluvias en la zona.<\/p>\n<p><img loading=\"lazy\" decoding=\"async\" class=\"alignnone size-medium wp-image-17278 alignright\" src=\"http:\/\/intranet.mppee.gob.ve\/wordpress\/wp-content\/uploads\/2024\/02\/Corpoelec-trabaja-para-restituir-servicio-el%C3%A9ctrico-en-el-sector-Aroa-de-El-Vig%C3%ADa-5-300x225.jpeg\" sizes=\"auto, (max-width: 300px) 100vw, 300px\" srcset=\"http:\/\/intranet.mppee.gob.ve\/wordpress\/wp-content\/uploads\/2024\/02\/Corpoelec-trabaja-para-restituir-servicio-el\u00e9ctrico-en-el-sector-Aroa-de-El-Vig\u00eda-5-300x225.jpeg 300w, http:\/\/intranet.mppee.gob.ve\/wordpress\/wp-content\/uploads\/2024\/02\/Corpoelec-trabaja-para-restituir-servicio-el\u00e9ctrico-en-el-sector-Aroa-de-El-Vig\u00eda-5-768x576.jpeg 768w, http:\/\/intranet.mppee.gob.ve\/wordpress\/wp-content\/uploads\/2024\/02\/Corpoelec-trabaja-para-restituir-servicio-el\u00e9ctrico-en-el-sector-Aroa-de-El-Vig\u00eda-5-1024x768.jpeg 1024w, http:\/\/intranet.mppee.gob.ve\/wordpress\/wp-content\/uploads\/2024\/02\/Corpoelec-trabaja-para-restituir-servicio-el\u00e9ctrico-en-el-sector-Aroa-de-El-Vig\u00eda-5-678x509.jpeg 678w, http:\/\/intranet.mppee.gob.ve\/wordpress\/wp-content\/uploads\/2024\/02\/Corpoelec-trabaja-para-restituir-servicio-el\u00e9ctrico-en-el-sector-Aroa-de-El-Vig\u00eda-5-326x245.jpeg 326w, http:\/\/intranet.mppee.gob.ve\/wordpress\/wp-content\/uploads\/2024\/02\/Corpoelec-trabaja-para-restituir-servicio-el\u00e9ctrico-en-el-sector-Aroa-de-El-Vig\u00eda-5-80x60.jpeg 80w, http:\/\/intranet.mppee.gob.ve\/wordpress\/wp-content\/uploads\/2024\/02\/Corpoelec-trabaja-para-restituir-servicio-el\u00e9ctrico-en-el-sector-Aroa-de-El-Vig\u00eda-5.jpeg 1080w\" alt=\"\" width=\"300\" height=\"225\" \/><\/p>\n<p>La Gerente Territorial de Corpoelec, Marielys Sacipa, detall\u00f3 que las\u00a0\u00a0 precipitaciones registradas durante las \u00faltimas horas en el municipio Alberto Adriani, provocaron la ca\u00edda de tres estructuras de postes, as\u00ed como de las l\u00edneas de alta tensi\u00f3n, afectando parte de la subestaci\u00f3n El Bosque.<\/p>\n<p>Sacipa agreg\u00f3, desde la zona de atenci\u00f3n, que junto al personal de Corpoelec, Servicio Aut\u00f3nomo de Peajes y Vialidad y Poder Popular de la entidad meride\u00f1a, se encuentran trabajando en la sustituci\u00f3n de las estructuras da\u00f1adas y la restituci\u00f3n de 4 mil metros de l\u00edneas de alta tensi\u00f3n, para recuperar el servicio de energ\u00eda el\u00e9ctrica en el menor tiempo posible.<\/p>\n<p>Asimismo, agradeci\u00f3 a la Vicepresidencia Sectorial de Obras P\u00fablicas y Servicios y la Gobernaci\u00f3n de M\u00e9rida, que se sumaron a la atenci\u00f3n de la contingencia.<\/p>\n<p><strong>Prensa Corpoelec\u00a0<\/strong><\/p>\n","protected":false},"excerpt":{"rendered":"<p>La fuerza trabajadora de la Corporaci\u00f3n El\u00e9ctrica Nacional (Corpoelec) se mantiene desplegada en el sector Aroa de El Vig\u00eda, en<\/p>\n","protected":false},"author":12,"featured_media":90215,"comment_status":"closed","ping_status":"closed","sticky":false,"template":"","format":"standard","meta":{"footnotes":""},"categories":[30],"tags":[],"class_list":["post-90214","post","type-post","status-publish","format-standard","has-post-thumbnail","hentry","category-regionales"],"_links":{"self":[{"href":"https:\/\/mppee.gob.ve\/index.php?rest_route=\/wp\/v2\/posts\/90214","targetHints":{"allow":["GET"]}}],"collection":[{"href":"https:\/\/mppee.gob.ve\/index.php?rest_route=\/wp\/v2\/posts"}],"about":[{"href":"https:\/\/mppee.gob.ve\/index.php?rest_route=\/wp\/v2\/types\/post"}],"author":[{"embeddable":true,"href":"https:\/\/mppee.gob.ve\/index.php?rest_route=\/wp\/v2\/users\/12"}],"replies":[{"embeddable":true,"href":"https:\/\/mppee.gob.ve\/index.php?rest_route=%2Fwp%2Fv2%2Fcomments&post=90214"}],"version-history":[{"count":1,"href":"https:\/\/mppee.gob.ve\/index.php?rest_route=\/wp\/v2\/posts\/90214\/revisions"}],"predecessor-version":[{"id":90216,"href":"https:\/\/mppee.gob.ve\/index.php?rest_route=\/wp\/v2\/posts\/90214\/revisions\/90216"}],"wp:featuredmedia":[{"embeddable":true,"href":"https:\/\/mppee.gob.ve\/index.php?rest_route=\/wp\/v2\/media\/90215"}],"wp:attachment":[{"href":"https:\/\/mppee.gob.ve\/index.php?rest_route=%2Fwp%2Fv2%2Fmedia&parent=90214"}],"wp:term":[{"taxonomy":"category","embeddable":true,"href":"https:\/\/mppee.gob.ve\/index.php?rest_route=%2Fwp%2Fv2%2Fcategories&post=90214"},{"taxonomy":"post_tag","embeddable":true,"href":"https:\/\/mppee.gob.ve\/index.php?rest_route=%2Fwp%2Fv2%2Ftags&post=90214"}],"curies":[{"name":"wp","href":"https:\/\/api.w.org\/{rel}","templated":true}]}}