{"id":90221,"date":"2024-02-24T00:08:32","date_gmt":"2024-02-24T00:08:32","guid":{"rendered":"http:\/\/mppee.gob.ve\/?p=90221"},"modified":"2024-03-25T20:58:50","modified_gmt":"2024-03-25T20:58:50","slug":"ejecutivo-nacional-y-poder-popular-debaten-propuestas-vinculadas-a-la-preservacion-del-medio-ambiente","status":"publish","type":"post","link":"https:\/\/mppee.gob.ve\/?p=90221","title":{"rendered":"Ejecutivo Nacional y Poder Popular debaten propuestas vinculadas a la preservaci\u00f3n del medio ambiente"},"content":{"rendered":"\n<p><strong>Prensa VPSOPS (Caracas, 23\/02\/2024).-<\/strong>&nbsp;<strong>El presidente de la Rep\u00fablica, Nicol\u00e1s Maduro,<\/strong>&nbsp;lider\u00f3 este viernes&nbsp;<strong>la Orientaci\u00f3n General, Debate y Cierre de la Asamblea Sectorial y Territorial de las 7T-2030.<\/strong><\/p>\n\n\n\n<p>Al respecto,&nbsp;<strong>la vicepresidenta Ejecutiva, Delcy Rodr\u00edguez, junto con el vicepresidente Sectorial de Obras P\u00fablicas y Servicios (Vpsops), G\/J N\u00e9stor Reverol<\/strong>, asistieron a una de estas asambleas en las que debatieron junto al Poder Popular la 6T, que est\u00e1 destinada a promover la consciencia de protecci\u00f3n al pueblo y al planeta del impacto ambiental.<\/p>\n\n\n<div class=\"wp-block-image\">\n<figure class=\"alignright\"><img decoding=\"async\" src=\"http:\/\/intranet.mppee.gob.ve\/wordpress\/wp-content\/uploads\/2024\/02\/WhatsApp-Image-2024-02-23-at-7.10.38-PM-300x200.jpeg\" alt=\"\" class=\"wp-image-17300\"\/><\/figure>\n<\/div>\n\n\n<p>\u201cHemos debatido diversas propuestas que nos ha dado al pueblo para hacer las ciudades del pa\u00eds m\u00e1s verdes con la continuaci\u00f3n de la transformaci\u00f3n de los servicios p\u00fablicos; as\u00ed como el uso racional y eficiente de la energ\u00eda\u201d, indic\u00f3 el vicepresidente de este organismo del Estado, G\/J N\u00e9stor Reverol, en alocuci\u00f3n presidencial.<\/p>\n\n\n\n<p>Desde el Parque General\u00edsimo Francisco de Miranda, en la entidad mirandina, Reverol precis\u00f3 que entre las propuestas debatidas est\u00e1n:<\/p>\n\n\n\n<p>\u2013&nbsp;&nbsp;&nbsp;&nbsp;&nbsp;&nbsp;&nbsp;&nbsp;&nbsp;&nbsp;&nbsp;&nbsp;&nbsp; Continuar en la construcci\u00f3n de pol\u00edticas, tomando en cuenta el derecho a las ciudades y los servicios p\u00fablicos en miras al ecosocialismo autosustentable.<\/p>\n\n\n\n<p>\u2013&nbsp;&nbsp;&nbsp;&nbsp;&nbsp;&nbsp;&nbsp;&nbsp;&nbsp;&nbsp;&nbsp;&nbsp;&nbsp; Promover la cultura de paz y convivencia que denominaron como la reorganizaci\u00f3n de poder popular.<\/p>\n\n\n\n<p>\u2013&nbsp;&nbsp;&nbsp;&nbsp;&nbsp;&nbsp;&nbsp;&nbsp;&nbsp;&nbsp;&nbsp;&nbsp;&nbsp; Fomentar la cultura de reciclaje.<\/p>\n\n\n\n<p>\u2013&nbsp;&nbsp;&nbsp;&nbsp;&nbsp;&nbsp;&nbsp;&nbsp;&nbsp;&nbsp;&nbsp;&nbsp;&nbsp; La creaci\u00f3n de espacios como parques urbanos y conucos, que permitan la conexi\u00f3n de los ciudadanos con estos entornos naturales.<\/p>\n\n\n\n<p>\u201cEstamos listos para preparar estas propuestas que hemos obtenido del pueblo que tiene la conclusi\u00f3n final de lo que debemos hacer para cuidar de nuestra Patria y el planeta tierra\u201d, enfatiz\u00f3 Reverol.<\/p>\n\n\n\n<h3 class=\"wp-block-heading\"><strong>Asambleas de debate y consulta<\/strong><\/h3>\n\n\n\n<p>Las propuestas obtenidas en las 60 mil Asambleas de Debate y Consulta de las 7T, participaron m\u00e1s de 2 millones 300 mil hombres y mujeres, que ser\u00e1n entregadas en el Congreso de la Nueva \u00c9poca, el pr\u00f3ximo martes 27 de febrero.<\/p>\n\n\n<div class=\"wp-block-image\">\n<figure class=\"alignleft\"><img decoding=\"async\" src=\"http:\/\/intranet.mppee.gob.ve\/wordpress\/wp-content\/uploads\/2024\/02\/WhatsApp-Image-2024-02-23-at-7.10.38-PM-6-300x200.jpeg\" alt=\"\" class=\"wp-image-17301\"\/><\/figure>\n<\/div>\n\n\n<p>\u201cEstamos en la onda de la ofensiva social total, ofensiva junto al pueblo, ofensiva con el liderazgo y las organizaciones de base y estamos precisamente en el debate de las 7T\u201d, concluy\u00f3 el jefe de Estado.<\/p>\n\n\n\n<p><strong>Prensa VPSOPS \u2013 Aliarly Carrillo<\/strong><\/p>\n\n\n\n<p>\u00a0<\/p>\n","protected":false},"excerpt":{"rendered":"<p>Prensa VPSOPS (Caracas, 23\/02\/2024).-&nbsp;El presidente de la Rep\u00fablica, Nicol\u00e1s Maduro,&nbsp;lider\u00f3 este viernes&nbsp;la Orientaci\u00f3n General, Debate y Cierre de la Asamblea<\/p>\n","protected":false},"author":22,"featured_media":90361,"comment_status":"closed","ping_status":"closed","sticky":false,"template":"","format":"standard","meta":{"footnotes":""},"categories":[15],"tags":[],"class_list":["post-90221","post","type-post","status-publish","format-standard","has-post-thumbnail","hentry","category-nacionales"],"_links":{"self":[{"href":"https:\/\/mppee.gob.ve\/index.php?rest_route=\/wp\/v2\/posts\/90221","targetHints":{"allow":["GET"]}}],"collection":[{"href":"https:\/\/mppee.gob.ve\/index.php?rest_route=\/wp\/v2\/posts"}],"about":[{"href":"https:\/\/mppee.gob.ve\/index.php?rest_route=\/wp\/v2\/types\/post"}],"author":[{"embeddable":true,"href":"https:\/\/mppee.gob.ve\/index.php?rest_route=\/wp\/v2\/users\/22"}],"replies":[{"embeddable":true,"href":"https:\/\/mppee.gob.ve\/index.php?rest_route=%2Fwp%2Fv2%2Fcomments&post=90221"}],"version-history":[{"count":1,"href":"https:\/\/mppee.gob.ve\/index.php?rest_route=\/wp\/v2\/posts\/90221\/revisions"}],"predecessor-version":[{"id":90223,"href":"https:\/\/mppee.gob.ve\/index.php?rest_route=\/wp\/v2\/posts\/90221\/revisions\/90223"}],"wp:featuredmedia":[{"embeddable":true,"href":"https:\/\/mppee.gob.ve\/index.php?rest_route=\/wp\/v2\/media\/90361"}],"wp:attachment":[{"href":"https:\/\/mppee.gob.ve\/index.php?rest_route=%2Fwp%2Fv2%2Fmedia&parent=90221"}],"wp:term":[{"taxonomy":"category","embeddable":true,"href":"https:\/\/mppee.gob.ve\/index.php?rest_route=%2Fwp%2Fv2%2Fcategories&post=90221"},{"taxonomy":"post_tag","embeddable":true,"href":"https:\/\/mppee.gob.ve\/index.php?rest_route=%2Fwp%2Fv2%2Ftags&post=90221"}],"curies":[{"name":"wp","href":"https:\/\/api.w.org\/{rel}","templated":true}]}}