{"id":90240,"date":"2024-03-05T16:16:43","date_gmt":"2024-03-05T16:16:43","guid":{"rendered":"http:\/\/mppee.gob.ve\/?p=90240"},"modified":"2024-03-25T19:55:37","modified_gmt":"2024-03-25T19:55:37","slug":"venezuela-conmemora-11-anos-de-la-siembra-del-lider-eterno-de-la-revolucion-bolivariana-hugo-chavez","status":"publish","type":"post","link":"https:\/\/mppee.gob.ve\/?p=90240","title":{"rendered":"Venezuela conmemora 11 a\u00f1os de la siembra del Lider Eterno de la Revoluci\u00f3n Bolivariana, Hugo Ch\u00e1vez"},"content":{"rendered":"\n<p><strong>Prensa Mppee (Caracas, 05\/03\/2024).-&nbsp;<\/strong>El&nbsp;<strong>presidente de la Rep\u00fablica Bolivariana de Venezuela, Nicol\u00e1s Maduro,&nbsp;<\/strong>conmemor\u00f3 este martes los&nbsp;<strong>11 a\u00f1os de la siembra del Comandante y Lider Eterno de la Revoluci\u00f3n Bolivariana, Hugo Ch\u00e1vez.<\/strong><\/p>\n\n\n\n<p>A trav\u00e9s de una publicaci\u00f3n en su cuenta oficial en Twitter, el jefe de Estado ratific\u00f3 que el legado del Comandante Ch\u00e1vez es una poderosa identidad revolucionaria que re\u00fane a las fuerzas de las gestas emancipadoras de la historia de nuestra Am\u00e9rica.<\/p>\n\n\n\n<p>\u201cCh\u00e1vez Vive y vivir\u00e1 siempre, en la rebeld\u00eda, en la conciencia y en las esperanzas, pero sobre todo, en la alegr\u00eda y las ganas de luchar\u201d, escribi\u00f3 en su cuenta&nbsp;<strong>@NicolasMaduro.<\/strong><\/p>\n\n\n\n<p><strong>Hugo Rafael Ch\u00e1vez Fr\u00edas<\/strong>, naci\u00f3 el 28 de julio de 1954 en Sabaneta, estado Barinas. Era hijo de Hugo de los Reyes y Elena, maestros rurales. Gan\u00f3 su primera elecci\u00f3n presidencial en 1998, fecha a partir de la cual se comenz\u00f3 a escribir la nueva historia de Venezuela.<\/p>\n\n\n\n<p>Vale destacar que a 11 a\u00f1os de la partida f\u00edsica del l\u00edder de&nbsp;<strong>la Revoluci\u00f3n Bolivariana<\/strong>, se realizar\u00e1n una serie de actividades conmemorativas en todo el pa\u00eds para seguir impulsando sus pol\u00edticas sociales.<\/p>\n\n\n\n<p>Por su parte, el Partido Socialista Unido de Venezuela (PSUV) realizar\u00e1 una gran movilizaci\u00f3n que partir\u00e1 desde distintos puntos de Caracas y concluir\u00e1 en el Cuartel de la Monta\u00f1a, en la parroquia 23 de Enero.<\/p>\n\n\n\n<p><strong>Prensa Mppee<\/strong><\/p>\n","protected":false},"excerpt":{"rendered":"<p>Prensa Mppee (Caracas, 05\/03\/2024).-&nbsp;El&nbsp;presidente de la Rep\u00fablica Bolivariana de Venezuela, Nicol\u00e1s Maduro,&nbsp;conmemor\u00f3 este martes los&nbsp;11 a\u00f1os de la siembra del<\/p>\n","protected":false},"author":22,"featured_media":90345,"comment_status":"closed","ping_status":"closed","sticky":false,"template":"","format":"standard","meta":{"footnotes":""},"categories":[15],"tags":[46],"class_list":["post-90240","post","type-post","status-publish","format-standard","has-post-thumbnail","hentry","category-nacionales","tag-venezuela"],"_links":{"self":[{"href":"https:\/\/mppee.gob.ve\/index.php?rest_route=\/wp\/v2\/posts\/90240","targetHints":{"allow":["GET"]}}],"collection":[{"href":"https:\/\/mppee.gob.ve\/index.php?rest_route=\/wp\/v2\/posts"}],"about":[{"href":"https:\/\/mppee.gob.ve\/index.php?rest_route=\/wp\/v2\/types\/post"}],"author":[{"embeddable":true,"href":"https:\/\/mppee.gob.ve\/index.php?rest_route=\/wp\/v2\/users\/22"}],"replies":[{"embeddable":true,"href":"https:\/\/mppee.gob.ve\/index.php?rest_route=%2Fwp%2Fv2%2Fcomments&post=90240"}],"version-history":[{"count":1,"href":"https:\/\/mppee.gob.ve\/index.php?rest_route=\/wp\/v2\/posts\/90240\/revisions"}],"predecessor-version":[{"id":90242,"href":"https:\/\/mppee.gob.ve\/index.php?rest_route=\/wp\/v2\/posts\/90240\/revisions\/90242"}],"wp:featuredmedia":[{"embeddable":true,"href":"https:\/\/mppee.gob.ve\/index.php?rest_route=\/wp\/v2\/media\/90345"}],"wp:attachment":[{"href":"https:\/\/mppee.gob.ve\/index.php?rest_route=%2Fwp%2Fv2%2Fmedia&parent=90240"}],"wp:term":[{"taxonomy":"category","embeddable":true,"href":"https:\/\/mppee.gob.ve\/index.php?rest_route=%2Fwp%2Fv2%2Fcategories&post=90240"},{"taxonomy":"post_tag","embeddable":true,"href":"https:\/\/mppee.gob.ve\/index.php?rest_route=%2Fwp%2Fv2%2Ftags&post=90240"}],"curies":[{"name":"wp","href":"https:\/\/api.w.org\/{rel}","templated":true}]}}