{"id":90269,"date":"2024-03-15T23:17:13","date_gmt":"2024-03-15T23:17:13","guid":{"rendered":"http:\/\/mppee.gob.ve\/?p=90269"},"modified":"2024-03-25T20:50:20","modified_gmt":"2024-03-25T20:50:20","slug":"fuerza-trabajadora-del-sector-electrico-celebran-el-mes-de-la-eficiencia-energetica","status":"publish","type":"post","link":"https:\/\/mppee.gob.ve\/?p=90269","title":{"rendered":"Fuerza trabajadora del sector el\u00e9ctrico celebran el Mes de la Eficiencia Energ\u00e9tica"},"content":{"rendered":"\n<p><strong>Prensa Mppee (Caracas, 15\/03\/2024).-<\/strong>&nbsp;Con un emotivo acto, en la sede principal del Ministerio del Poder Popular para la Energ\u00eda El\u00e9ctrica en Caracas, la fuerza trabajadora del sector el\u00e9ctrico celebr\u00f3 el Mes de la Eficiencia Energ\u00e9tica.<\/p>\n\n\n<div class=\"wp-block-image\">\n<figure class=\"alignleft\"><img decoding=\"async\" src=\"http:\/\/intranet.mppee.gob.ve\/wordpress\/wp-content\/uploads\/2024\/03\/WhatsApp-Image-2024-03-15-at-8.25.16-AM-2-300x200.jpeg\" alt=\"\" class=\"wp-image-17430\"\/><\/figure>\n<\/div>\n\n\n<p>Durante la actividad, la viceministra de Nuevas Fuentes y Uso Racional de la Energ\u00eda, Tania Masea destac\u00f3 la importancia de la concientizaci\u00f3n en los ni\u00f1os, ni\u00f1as y adolescentes acerca del uso correcto de la energ\u00eda, ya que esto contribuye a la disminuci\u00f3n del consumo y demanda energ\u00e9tica.&nbsp; Adem\u00e1s, de promover la conservaci\u00f3n y cuidado del ambiente.<\/p>\n\n\n\n<p>\u201cEsta celebraci\u00f3n es muy especial porque la estamos realizando con todos esos j\u00f3venes, ni\u00f1as y ni\u00f1os de las escuelas b\u00e1sicas, de las escuelas t\u00e9cnicas, que est\u00e1n en proceso de formaci\u00f3n. Estos espacios permiten divulgar lo que estamos haciendo, para educar a la poblaci\u00f3n sobre el efecto invernadero\u201d, expres\u00f3.<\/p>\n\n\n\n<p>En ese sentido, estudiantes presentaron la obra teatral \u201cPedro Pueblo y el Electrobus\u201d en una interpretaci\u00f3n de las decisiones sobre el uso eficiente y la reducci\u00f3n de gases de efecto invernadero. Igualmente, se interpret\u00f3 una obra teatral libre con un mensaje de protecci\u00f3n sobre el ambiente y como evitar el acrecentamiento de la crisis clim\u00e1tica.<\/p>\n\n\n<div class=\"wp-block-image\">\n<figure class=\"alignright\"><img decoding=\"async\" src=\"http:\/\/intranet.mppee.gob.ve\/wordpress\/wp-content\/uploads\/2024\/03\/WhatsApp-Image-2024-03-15-at-8.25.16-AM-300x180.jpeg\" alt=\"\" class=\"wp-image-17431\"\/><\/figure>\n<\/div>\n\n\n<p>Por otra parte, los j\u00f3venes que participaron en el 7mo Reto Estudiantil de Ciencias Naturales presentaron proyectos de car\u00e1cter cient\u00edfico relacionados a la eficiencia energ\u00e9tica y energ\u00edas alternativas.<\/p>\n\n\n\n<p>Prensa Mppee<\/p>\n","protected":false},"excerpt":{"rendered":"<p>Prensa Mppee (Caracas, 15\/03\/2024).-&nbsp;Con un emotivo acto, en la sede principal del Ministerio del Poder Popular para la Energ\u00eda El\u00e9ctrica<\/p>\n","protected":false},"author":22,"featured_media":90355,"comment_status":"closed","ping_status":"closed","sticky":false,"template":"","format":"standard","meta":{"footnotes":""},"categories":[1],"tags":[],"class_list":["post-90269","post","type-post","status-publish","format-standard","has-post-thumbnail","hentry","category-mppee"],"_links":{"self":[{"href":"https:\/\/mppee.gob.ve\/index.php?rest_route=\/wp\/v2\/posts\/90269","targetHints":{"allow":["GET"]}}],"collection":[{"href":"https:\/\/mppee.gob.ve\/index.php?rest_route=\/wp\/v2\/posts"}],"about":[{"href":"https:\/\/mppee.gob.ve\/index.php?rest_route=\/wp\/v2\/types\/post"}],"author":[{"embeddable":true,"href":"https:\/\/mppee.gob.ve\/index.php?rest_route=\/wp\/v2\/users\/22"}],"replies":[{"embeddable":true,"href":"https:\/\/mppee.gob.ve\/index.php?rest_route=%2Fwp%2Fv2%2Fcomments&post=90269"}],"version-history":[{"count":1,"href":"https:\/\/mppee.gob.ve\/index.php?rest_route=\/wp\/v2\/posts\/90269\/revisions"}],"predecessor-version":[{"id":90271,"href":"https:\/\/mppee.gob.ve\/index.php?rest_route=\/wp\/v2\/posts\/90269\/revisions\/90271"}],"wp:featuredmedia":[{"embeddable":true,"href":"https:\/\/mppee.gob.ve\/index.php?rest_route=\/wp\/v2\/media\/90355"}],"wp:attachment":[{"href":"https:\/\/mppee.gob.ve\/index.php?rest_route=%2Fwp%2Fv2%2Fmedia&parent=90269"}],"wp:term":[{"taxonomy":"category","embeddable":true,"href":"https:\/\/mppee.gob.ve\/index.php?rest_route=%2Fwp%2Fv2%2Fcategories&post=90269"},{"taxonomy":"post_tag","embeddable":true,"href":"https:\/\/mppee.gob.ve\/index.php?rest_route=%2Fwp%2Fv2%2Ftags&post=90269"}],"curies":[{"name":"wp","href":"https:\/\/api.w.org\/{rel}","templated":true}]}}