{"id":90367,"date":"2024-03-14T21:08:03","date_gmt":"2024-03-14T21:08:03","guid":{"rendered":"http:\/\/mppee.gob.ve\/?p=90367"},"modified":"2024-03-25T21:09:42","modified_gmt":"2024-03-25T21:09:42","slug":"iniciaran-labores-de-rehabilitacion-en-centro-de-formacion-para-jovenes-con-discapacidad-en-el-zulia","status":"publish","type":"post","link":"https:\/\/mppee.gob.ve\/?p=90367","title":{"rendered":"Iniciar\u00e1n labores de rehabilitaci\u00f3n en centro de formaci\u00f3n para j\u00f3venes con discapacidad en el Zulia"},"content":{"rendered":"\n<p><strong>Prensa VPSOPS (Zulia, 14\/03\/2024).-<\/strong>&nbsp;El vicepresidente Sectorial de Obras P\u00fablicas y Servicios, G\/J N\u00e9stor Reverol, anunci\u00f3 este jueves el inici\u00f3 un proceso de rehabilitaci\u00f3n integral del Taller de Educaci\u00f3n Laboral Bolivariano Costa Oriental del Lago, en Cabimas, estado Zulia.<\/p>\n\n\n<div class=\"wp-block-image\">\n<figure class=\"alignleft\"><img decoding=\"async\" src=\"http:\/\/intranet.mppee.gob.ve\/wordpress\/wp-content\/uploads\/2024\/03\/Iniciar%C3%A1n-labores-de-rehabilitaci%C3%B3n-en-centro-de-formaci%C3%B3n-para-j%C3%B3venes-con-discapacidad-en-el-Zulia-2-300x200.jpeg\" alt=\"\" class=\"wp-image-17426\"\/><\/figure>\n<\/div>\n\n\n<p>\u201cEn este centro de formaci\u00f3n para j\u00f3venes con discapacidad tambi\u00e9n nos comprometimos a entregar las herramientas necesarias para las 11 especialidades que se dictan en este taller laboral y la adecuaci\u00f3n de la cancha deportiva para promover el sano esparcimiento\u201d, indic\u00f3 Reverol, desde la entidad donde se llev\u00f3 a cabo junto a los ministros y presidentes que integran este \u00f3rgano del Estado, una importante agenda de trabajo relacionada con el Comando Especial Presidencial de Gobierno.<\/p>\n\n\n\n<p>Adem\u00e1s, destac\u00f3 que van a gestionar ante el Ministerio del Poder Popular para la Educaci\u00f3n el Programa de Alimentaci\u00f3n Escolar (PAE), que incluye el equipamiento del comedor.<\/p>\n\n\n\n<p>\u201cPara traslado de los estudiantes y personal docente tramitaremos una unidad de transporte\u201d; mientras que en materia de cultura, dotar\u00e1n con instrumentos musicales a la agrupaci\u00f3n que hace vida en este instituto.<\/p>\n\n\n\n<p>\u201cImportantes labores que llevaremos a cabo en este centro de formaci\u00f3n para j\u00f3venes con discapacidad, para seguir garantizando su bienestar y derecho a una educaci\u00f3n de calidad\u201d, dijo Reverol.<\/p>\n\n\n<div class=\"wp-block-image\">\n<figure class=\"alignright\"><img decoding=\"async\" src=\"http:\/\/intranet.mppee.gob.ve\/wordpress\/wp-content\/uploads\/2024\/03\/Iniciar%C3%A1n-labores-de-rehabilitaci%C3%B3n-en-centro-de-formaci%C3%B3n-para-j%C3%B3venes-con-discapacidad-en-el-Zulia-3-300x200.jpeg\" alt=\"\" class=\"wp-image-17427\"\/><\/figure>\n<\/div>\n\n\n<p><strong>Prensa VPSOPS<\/strong><\/p>\n","protected":false},"excerpt":{"rendered":"<p>Prensa VPSOPS (Zulia, 14\/03\/2024).-&nbsp;El vicepresidente Sectorial de Obras P\u00fablicas y Servicios, G\/J N\u00e9stor Reverol, anunci\u00f3 este jueves el inici\u00f3 un<\/p>\n","protected":false},"author":22,"featured_media":90368,"comment_status":"closed","ping_status":"closed","sticky":false,"template":"","format":"standard","meta":{"footnotes":""},"categories":[30],"tags":[],"class_list":["post-90367","post","type-post","status-publish","format-standard","has-post-thumbnail","hentry","category-regionales"],"_links":{"self":[{"href":"https:\/\/mppee.gob.ve\/index.php?rest_route=\/wp\/v2\/posts\/90367","targetHints":{"allow":["GET"]}}],"collection":[{"href":"https:\/\/mppee.gob.ve\/index.php?rest_route=\/wp\/v2\/posts"}],"about":[{"href":"https:\/\/mppee.gob.ve\/index.php?rest_route=\/wp\/v2\/types\/post"}],"author":[{"embeddable":true,"href":"https:\/\/mppee.gob.ve\/index.php?rest_route=\/wp\/v2\/users\/22"}],"replies":[{"embeddable":true,"href":"https:\/\/mppee.gob.ve\/index.php?rest_route=%2Fwp%2Fv2%2Fcomments&post=90367"}],"version-history":[{"count":1,"href":"https:\/\/mppee.gob.ve\/index.php?rest_route=\/wp\/v2\/posts\/90367\/revisions"}],"predecessor-version":[{"id":90369,"href":"https:\/\/mppee.gob.ve\/index.php?rest_route=\/wp\/v2\/posts\/90367\/revisions\/90369"}],"wp:featuredmedia":[{"embeddable":true,"href":"https:\/\/mppee.gob.ve\/index.php?rest_route=\/wp\/v2\/media\/90368"}],"wp:attachment":[{"href":"https:\/\/mppee.gob.ve\/index.php?rest_route=%2Fwp%2Fv2%2Fmedia&parent=90367"}],"wp:term":[{"taxonomy":"category","embeddable":true,"href":"https:\/\/mppee.gob.ve\/index.php?rest_route=%2Fwp%2Fv2%2Fcategories&post=90367"},{"taxonomy":"post_tag","embeddable":true,"href":"https:\/\/mppee.gob.ve\/index.php?rest_route=%2Fwp%2Fv2%2Ftags&post=90367"}],"curies":[{"name":"wp","href":"https:\/\/api.w.org\/{rel}","templated":true}]}}