{"id":90425,"date":"2024-04-08T13:55:35","date_gmt":"2024-04-08T13:55:35","guid":{"rendered":"http:\/\/mppee.gob.ve\/?p=90425"},"modified":"2024-04-08T13:55:37","modified_gmt":"2024-04-08T13:55:37","slug":"restituido-el-servicio-electrico-en-los-municipios-atures-y-autana-del-estado-amazonas","status":"publish","type":"post","link":"https:\/\/mppee.gob.ve\/?p=90425","title":{"rendered":"Restituido el servicio el\u00e9ctrico en los municipios Atures y Autana del estado Amazonas"},"content":{"rendered":"\n<p><strong>Prensa Corpoelec \u2013 (Amazonas, 7\/04\/2024).-&nbsp;<\/strong>La&nbsp;<strong>Corporaci\u00f3n El\u00e9ctrica Nacional (Corpoelec)<\/strong>,&nbsp;<strong>restableci\u00f3 el servicio<\/strong>&nbsp;en los municipios Atures y Autana del estado&nbsp;<strong>Amazonas<\/strong>, luego de la colocaci\u00f3n una torre de emergencia provisional a 115 kV de la l\u00ednea Pijiguao \u2013 Puerto Ayacucho.<\/p>\n\n\n<div class=\"wp-block-image\">\n<figure class=\"alignleft\"><img decoding=\"async\" src=\"http:\/\/intranet.mppee.gob.ve\/wordpress\/wp-content\/uploads\/2024\/04\/WhatsApp-Image-2024-04-07-at-1.11.29-PM-300x169.jpeg\" alt=\"\" class=\"wp-image-17517\"\/><\/figure>\n<\/div>\n\n\n<p>Un equipo multidisciplinario integrado por m\u00e1s de 50 profesionales especializados de&nbsp;<strong>Corpoelec, Vicepresidencia Sectorial de Obras P\u00fablicas y Servicios y Ministerio del Poder Popular para Obras P\u00fablicas<\/strong>, se despleg\u00f3 en la entidad amazonense para llevar a<\/p>\n\n\n\n<p>cabo importantes maniobras t\u00e1cticas de construcci\u00f3n e instalaci\u00f3n de una torre de emergencia.<\/p>\n\n\n\n<p>Tras fuertes descargas atmosf\u00e9ricas y vientos huracanados se origin\u00f3 el desplome de la estructura, cuya recuperaci\u00f3n puso de manifiesto el compromiso y la responsabilidad que caracteriza a la fuerza trabajadora.<\/p>\n\n\n\n<p>El servicio el\u00e9ctrico qued\u00f3 totalmente restituido para el beneficio de m\u00e1s de 170 mil habitantes de los&nbsp;<strong>municipios Atures y Autana del estado Amazonas<\/strong>.<\/p>\n\n\n\n<p><strong>Prensa \u2013 Corpoelec<\/strong><\/p>\n","protected":false},"excerpt":{"rendered":"<p>Prensa Corpoelec \u2013 (Amazonas, 7\/04\/2024).-&nbsp;La&nbsp;Corporaci\u00f3n El\u00e9ctrica Nacional (Corpoelec),&nbsp;restableci\u00f3 el servicio&nbsp;en los municipios Atures y Autana del estado&nbsp;Amazonas, luego de la<\/p>\n","protected":false},"author":22,"featured_media":90426,"comment_status":"closed","ping_status":"closed","sticky":false,"template":"","format":"standard","meta":{"footnotes":""},"categories":[30],"tags":[],"class_list":["post-90425","post","type-post","status-publish","format-standard","has-post-thumbnail","hentry","category-regionales"],"_links":{"self":[{"href":"https:\/\/mppee.gob.ve\/index.php?rest_route=\/wp\/v2\/posts\/90425","targetHints":{"allow":["GET"]}}],"collection":[{"href":"https:\/\/mppee.gob.ve\/index.php?rest_route=\/wp\/v2\/posts"}],"about":[{"href":"https:\/\/mppee.gob.ve\/index.php?rest_route=\/wp\/v2\/types\/post"}],"author":[{"embeddable":true,"href":"https:\/\/mppee.gob.ve\/index.php?rest_route=\/wp\/v2\/users\/22"}],"replies":[{"embeddable":true,"href":"https:\/\/mppee.gob.ve\/index.php?rest_route=%2Fwp%2Fv2%2Fcomments&post=90425"}],"version-history":[{"count":1,"href":"https:\/\/mppee.gob.ve\/index.php?rest_route=\/wp\/v2\/posts\/90425\/revisions"}],"predecessor-version":[{"id":90427,"href":"https:\/\/mppee.gob.ve\/index.php?rest_route=\/wp\/v2\/posts\/90425\/revisions\/90427"}],"wp:featuredmedia":[{"embeddable":true,"href":"https:\/\/mppee.gob.ve\/index.php?rest_route=\/wp\/v2\/media\/90426"}],"wp:attachment":[{"href":"https:\/\/mppee.gob.ve\/index.php?rest_route=%2Fwp%2Fv2%2Fmedia&parent=90425"}],"wp:term":[{"taxonomy":"category","embeddable":true,"href":"https:\/\/mppee.gob.ve\/index.php?rest_route=%2Fwp%2Fv2%2Fcategories&post=90425"},{"taxonomy":"post_tag","embeddable":true,"href":"https:\/\/mppee.gob.ve\/index.php?rest_route=%2Fwp%2Fv2%2Ftags&post=90425"}],"curies":[{"name":"wp","href":"https:\/\/api.w.org\/{rel}","templated":true}]}}