{"id":90529,"date":"2024-05-15T21:08:18","date_gmt":"2024-05-15T21:08:18","guid":{"rendered":"http:\/\/mppee.gob.ve\/?p=90529"},"modified":"2024-05-15T21:09:06","modified_gmt":"2024-05-15T21:09:06","slug":"trabajadores-del-sector-electrico-se-movilizaron-para-celebrar-el-dia-internacional-de-la-familia","status":"publish","type":"post","link":"https:\/\/mppee.gob.ve\/?p=90529","title":{"rendered":"Trabajadores del sector el\u00e9ctrico se movilizaron para celebrar el D\u00eda Internacional de la Familia"},"content":{"rendered":"\n<p><strong>Prensa Mppee \u2013 (Caracas 15-05-24).-<\/strong>&nbsp;La fuerza trabajadora del Ministerio del Poder Popular para la Energ\u00eda El\u00e9ctrica (Mppee) y de la Corporaci\u00f3n El\u00e9ctrica Nacional (Corpoelec) se movilizaron este mi\u00e9rcoles para celebrar el D\u00eda Internacional de la Familia.<\/p>\n\n\n\n<p>Unidos con la consigna \u201cvida, familia y fe\u201d, realizaron un recorrido desde Parque Carabobo hasta El Calvario, con el objetivo de defender la vida y la uni\u00f3n familiar.<\/p>\n\n\n<div class=\"wp-block-image\">\n<figure class=\"alignleft\"><img decoding=\"async\" src=\"http:\/\/intranet.mppee.gob.ve\/wordpress\/wp-content\/uploads\/2024\/05\/WhatsApp-Image-2024-05-15-at-4.44.25-PM-3-300x185.jpeg\" alt=\"\" class=\"wp-image-17625\"\/><\/figure>\n<\/div>\n\n\n<p>Francisco Marchena, director general de Desarrollo e Investigaci\u00f3n del Mppee, manifest\u00f3 sentirse muy emocionado de participar en esta actividad. \u201cHoy es un d\u00eda especial y vamos a compartir todos y todas, en familia caminando, en familia orando, pidi\u00e9ndole a nuestro Dios que nos proteja\u201d, expres\u00f3.<\/p>\n\n\n\n<p>Por su parte, Fiorella Barrios, trabajadora de Corpoelec, envi\u00f3 un mensaje a todo el pueblo venezolano, donde asever\u00f3 que la meta es seguir construyendo el desarrollo de la naci\u00f3n. \u201cprincipalmente con la educaci\u00f3n, bendiciones\u201d, precis\u00f3.<\/p>\n\n\n<div class=\"wp-block-image\">\n<figure class=\"alignright\"><img decoding=\"async\" src=\"http:\/\/intranet.mppee.gob.ve\/wordpress\/wp-content\/uploads\/2024\/05\/WhatsApp-Image-2024-05-15-at-4.44.25-PM-300x191.jpeg\" alt=\"\" class=\"wp-image-17626\"\/><\/figure>\n<\/div>\n\n\n<p>Vale destacar que en esta concentraci\u00f3n tambi\u00e9n participaron pastores de la iglesia cristiana evang\u00e9lica quienes enviaron un mensaje de paz y de oraci\u00f3n a las familias presentes, as\u00ed como sus bendiciones.<\/p>\n\n\n\n<p><strong>Prensa Mppee<\/strong><\/p>\n","protected":false},"excerpt":{"rendered":"<p>Prensa Mppee \u2013 (Caracas 15-05-24).-&nbsp;La fuerza trabajadora del Ministerio del Poder Popular para la Energ\u00eda El\u00e9ctrica (Mppee) y de la<\/p>\n","protected":false},"author":22,"featured_media":90531,"comment_status":"closed","ping_status":"closed","sticky":false,"template":"","format":"standard","meta":{"footnotes":""},"categories":[15],"tags":[],"class_list":["post-90529","post","type-post","status-publish","format-standard","has-post-thumbnail","hentry","category-nacionales"],"_links":{"self":[{"href":"https:\/\/mppee.gob.ve\/index.php?rest_route=\/wp\/v2\/posts\/90529","targetHints":{"allow":["GET"]}}],"collection":[{"href":"https:\/\/mppee.gob.ve\/index.php?rest_route=\/wp\/v2\/posts"}],"about":[{"href":"https:\/\/mppee.gob.ve\/index.php?rest_route=\/wp\/v2\/types\/post"}],"author":[{"embeddable":true,"href":"https:\/\/mppee.gob.ve\/index.php?rest_route=\/wp\/v2\/users\/22"}],"replies":[{"embeddable":true,"href":"https:\/\/mppee.gob.ve\/index.php?rest_route=%2Fwp%2Fv2%2Fcomments&post=90529"}],"version-history":[{"count":1,"href":"https:\/\/mppee.gob.ve\/index.php?rest_route=\/wp\/v2\/posts\/90529\/revisions"}],"predecessor-version":[{"id":90530,"href":"https:\/\/mppee.gob.ve\/index.php?rest_route=\/wp\/v2\/posts\/90529\/revisions\/90530"}],"wp:featuredmedia":[{"embeddable":true,"href":"https:\/\/mppee.gob.ve\/index.php?rest_route=\/wp\/v2\/media\/90531"}],"wp:attachment":[{"href":"https:\/\/mppee.gob.ve\/index.php?rest_route=%2Fwp%2Fv2%2Fmedia&parent=90529"}],"wp:term":[{"taxonomy":"category","embeddable":true,"href":"https:\/\/mppee.gob.ve\/index.php?rest_route=%2Fwp%2Fv2%2Fcategories&post=90529"},{"taxonomy":"post_tag","embeddable":true,"href":"https:\/\/mppee.gob.ve\/index.php?rest_route=%2Fwp%2Fv2%2Ftags&post=90529"}],"curies":[{"name":"wp","href":"https:\/\/api.w.org\/{rel}","templated":true}]}}