{"id":90534,"date":"2024-05-17T23:51:49","date_gmt":"2024-05-17T23:51:49","guid":{"rendered":"http:\/\/mppee.gob.ve\/?p=90534"},"modified":"2024-05-17T23:51:51","modified_gmt":"2024-05-17T23:51:51","slug":"fuerza-trabajadora-del-sector-electrico-rechaza-sanciones-de-estados-unidos-sobre-venezuela","status":"publish","type":"post","link":"https:\/\/mppee.gob.ve\/?p=90534","title":{"rendered":"Fuerza trabajadora del sector el\u00e9ctrico rechaza sanciones de Estados Unidos sobre Venezuela"},"content":{"rendered":"\n<p><strong>Prensa Mppee \u2013 (Caracas 17.05.2024).-<\/strong>&nbsp;La fuerza trabajadora del sector el\u00e9ctrico particip\u00f3 este viernes en la Jornada de Recolecci\u00f3n de Firmas \u00a1Biden Levanta el Bloqueo Ya! donde se demostr\u00f3 una vez m\u00e1s su compromiso en defensa de la Patria y la soberan\u00eda nacional.<\/p>\n\n\n\n<p>Desde la sede principal del Ministerio del Poder Popular (MPPEE) en Caracas, los trabajadores manifestaron su rechaz\u00f3 a la criminal pol\u00edtica del Gobierno de Estados Unidos de imponer medidas coercitivas unilaterales contra Venezuela.<\/p>\n\n\n<div class=\"wp-block-image\">\n<figure class=\"alignleft\"><img decoding=\"async\" src=\"http:\/\/intranet.mppee.gob.ve\/wordpress\/wp-content\/uploads\/2024\/05\/WhatsApp-Image-2024-05-17-at-4.14.33-PM-300x205.jpeg\" alt=\"\" class=\"wp-image-17635\"\/><\/figure>\n<\/div>\n\n\n<p>Igualmente participaron en un conversatorio sobre las consecuencias criminales de las sanciones, que afectan la calidad de vida de los venezolanos.<\/p>\n\n\n\n<p>\u201cLos trabajadores y trabajadoras del SEN, se plantan en contra del imperio norteamericano, por ser este un pueblo soberano, libre y patriota que no les van a ganar, no van a poder contra nosotros los venezolanos de a pie\u201d, expres\u00f3 el viceministro de Articulaci\u00f3n y Participaci\u00f3n Social del Mppee Ricardo Tovar.<\/p>\n\n\n<div class=\"wp-block-image\">\n<figure class=\"alignright\"><img decoding=\"async\" src=\"http:\/\/intranet.mppee.gob.ve\/wordpress\/wp-content\/uploads\/2024\/05\/WhatsApp-Image-2024-05-17-at-4.42.56-PM-1-300x174.jpeg\" alt=\"\" class=\"wp-image-17634\"\/><\/figure>\n<\/div>\n\n\n<p>La fuerza trabajadora del sector el\u00e9ctrico sigue demostrando, una vez m\u00e1s, el compromiso de la resistencia del pueblo venezolano. Con esta acci\u00f3n, los trabajadores est\u00e1n haciendo valer sus derechos de ser independientes, libres y soberanos.<\/p>\n","protected":false},"excerpt":{"rendered":"<p>Prensa Mppee \u2013 (Caracas 17.05.2024).-&nbsp;La fuerza trabajadora del sector el\u00e9ctrico particip\u00f3 este viernes en la Jornada de Recolecci\u00f3n de Firmas<\/p>\n","protected":false},"author":22,"featured_media":90535,"comment_status":"closed","ping_status":"closed","sticky":false,"template":"","format":"standard","meta":{"footnotes":""},"categories":[15],"tags":[46],"class_list":["post-90534","post","type-post","status-publish","format-standard","has-post-thumbnail","hentry","category-nacionales","tag-venezuela"],"_links":{"self":[{"href":"https:\/\/mppee.gob.ve\/index.php?rest_route=\/wp\/v2\/posts\/90534","targetHints":{"allow":["GET"]}}],"collection":[{"href":"https:\/\/mppee.gob.ve\/index.php?rest_route=\/wp\/v2\/posts"}],"about":[{"href":"https:\/\/mppee.gob.ve\/index.php?rest_route=\/wp\/v2\/types\/post"}],"author":[{"embeddable":true,"href":"https:\/\/mppee.gob.ve\/index.php?rest_route=\/wp\/v2\/users\/22"}],"replies":[{"embeddable":true,"href":"https:\/\/mppee.gob.ve\/index.php?rest_route=%2Fwp%2Fv2%2Fcomments&post=90534"}],"version-history":[{"count":1,"href":"https:\/\/mppee.gob.ve\/index.php?rest_route=\/wp\/v2\/posts\/90534\/revisions"}],"predecessor-version":[{"id":90536,"href":"https:\/\/mppee.gob.ve\/index.php?rest_route=\/wp\/v2\/posts\/90534\/revisions\/90536"}],"wp:featuredmedia":[{"embeddable":true,"href":"https:\/\/mppee.gob.ve\/index.php?rest_route=\/wp\/v2\/media\/90535"}],"wp:attachment":[{"href":"https:\/\/mppee.gob.ve\/index.php?rest_route=%2Fwp%2Fv2%2Fmedia&parent=90534"}],"wp:term":[{"taxonomy":"category","embeddable":true,"href":"https:\/\/mppee.gob.ve\/index.php?rest_route=%2Fwp%2Fv2%2Fcategories&post=90534"},{"taxonomy":"post_tag","embeddable":true,"href":"https:\/\/mppee.gob.ve\/index.php?rest_route=%2Fwp%2Fv2%2Ftags&post=90534"}],"curies":[{"name":"wp","href":"https:\/\/api.w.org\/{rel}","templated":true}]}}