{"id":90542,"date":"2024-05-24T21:59:05","date_gmt":"2024-05-24T21:59:05","guid":{"rendered":"http:\/\/mppee.gob.ve\/?p=90542"},"modified":"2024-05-24T22:00:51","modified_gmt":"2024-05-24T22:00:51","slug":"unexee-gradua-a-336-profesionales-en-diferentes-especialidades-electricas-para-el-fortalecimiento-del-sen","status":"publish","type":"post","link":"https:\/\/mppee.gob.ve\/?p=90542","title":{"rendered":"Unexee grad\u00faa a 336 profesionales en diferentes especialidades el\u00e9ctricas para el fortalecimiento del SEN"},"content":{"rendered":"\n<p><strong>Prensa Mppee \u2013 (Bol\u00edvar, 17\/05\/2024).-<\/strong>&nbsp;El Vicepresidente Sectorial de Obras P\u00fablicas y&nbsp; Servicios, G\/D Jorge M\u00e1rquez, lider\u00f3 este viernes el acto de graduaci\u00f3n de 336 hombres y mujeres de la Universidad Nacional Experimental de Especialidades El\u00e9ctricas (Unexee) en las menciones de Sistema El\u00e9ctrico de Potencia, Redes El\u00e9ctricas y Gesti\u00f3n de Mantenimiento El\u00e9ctrico.<\/p>\n\n\n<div class=\"wp-block-image\">\n<figure class=\"alignright\"><img decoding=\"async\" src=\"http:\/\/intranet.mppee.gob.ve\/wordpress\/wp-content\/uploads\/2024\/05\/WhatsApp-Image-2024-05-24-at-5.46.26-PM-1-300x200.jpeg\" alt=\"\" class=\"wp-image-17647\"\/><\/figure>\n<\/div>\n\n\n<p>\u201cUstedes son los cimientos s\u00f3lidos para que esta empresa siga avanzando, ustedes son los maestros de las nuevas generaciones, deben sentirse orgullosos, me da satisfacci\u00f3n ver como personas que hace 30, 25 a\u00f1os llegaron a esta instituci\u00f3n como ayudantes y hoy son ingenieros y t\u00e9cnicos superiores, ustedes son un orgullo para el pa\u00eds\u201d, expres\u00f3 M\u00e1rquez.<\/p>\n\n\n\n<p>Desde la sede principal ubicada en el Complejo Hidroel\u00e9ctrico Sim\u00f3n Bol\u00edvar, en Guri, y en compa\u00f1\u00eda del presidente de la Corporaci\u00f3n El\u00e9ctrica Nacional (Corpoelec), Ing. Jos\u00e9 Luis Betancourt y el rector de la Unexee, Jos\u00e9 Ram\u00f3n Mu\u00f1oz, destac\u00f3 igualmente su compromiso para mantener y mejorar la infraestructura de esta importante casa de estudio.<\/p>\n\n\n\n<p>\u201cMuchos pa\u00edses de Latinoam\u00e9rica desear\u00edan tener una universidad como la que tenemos aqu\u00ed,&nbsp; debemos fortalecerla y repotenciarla, acondicionar a\u00fan m\u00e1s sus espacios para seguir formando a los profesionales del sector el\u00e9ctrico\u201d, afirm\u00f3.<\/p>\n\n\n\n<p>Por otra parte, reiter\u00f3 su compromiso de llevar a la Estatal el\u00e9ctrica a lo m\u00e1s alto teniendo como prioridad garantizar la estabilidad del Sistema El\u00e9ctrico Nacional (SEN) y el bienestar social de los trabajadores y trabajadoras.<\/p>\n\n\n<div class=\"wp-block-image\">\n<figure class=\"alignleft\"><img decoding=\"async\" src=\"http:\/\/intranet.mppee.gob.ve\/wordpress\/wp-content\/uploads\/2024\/05\/WhatsApp-Image-2024-05-24-at-5.46.26-PM-2-300x200.jpeg\" alt=\"\" class=\"wp-image-17646\"\/><\/figure>\n<\/div>\n\n\n<p>Vale destacar que la Unexee est\u00e1 orientada al desarrollo de soluciones innovadoras y a la socializaci\u00f3n del conocimiento, por lo que impulsar\u00e1 la calidad del servicio de energ\u00eda el\u00e9ctrica y contribuir\u00e1 a la estabilidad y confiabilidad del SEN, as\u00ed como al desarrollo econ\u00f3mico y social del pa\u00eds.<\/p>\n\n\n\n<p>Prensa Mppee<\/p>\n","protected":false},"excerpt":{"rendered":"<p>Prensa Mppee \u2013 (Bol\u00edvar, 17\/05\/2024).-&nbsp;El Vicepresidente Sectorial de Obras P\u00fablicas y&nbsp; Servicios, G\/D Jorge M\u00e1rquez, lider\u00f3 este viernes el acto<\/p>\n","protected":false},"author":22,"featured_media":90543,"comment_status":"closed","ping_status":"closed","sticky":false,"template":"","format":"standard","meta":{"footnotes":""},"categories":[15],"tags":[],"class_list":["post-90542","post","type-post","status-publish","format-standard","has-post-thumbnail","hentry","category-nacionales"],"_links":{"self":[{"href":"https:\/\/mppee.gob.ve\/index.php?rest_route=\/wp\/v2\/posts\/90542","targetHints":{"allow":["GET"]}}],"collection":[{"href":"https:\/\/mppee.gob.ve\/index.php?rest_route=\/wp\/v2\/posts"}],"about":[{"href":"https:\/\/mppee.gob.ve\/index.php?rest_route=\/wp\/v2\/types\/post"}],"author":[{"embeddable":true,"href":"https:\/\/mppee.gob.ve\/index.php?rest_route=\/wp\/v2\/users\/22"}],"replies":[{"embeddable":true,"href":"https:\/\/mppee.gob.ve\/index.php?rest_route=%2Fwp%2Fv2%2Fcomments&post=90542"}],"version-history":[{"count":2,"href":"https:\/\/mppee.gob.ve\/index.php?rest_route=\/wp\/v2\/posts\/90542\/revisions"}],"predecessor-version":[{"id":90546,"href":"https:\/\/mppee.gob.ve\/index.php?rest_route=\/wp\/v2\/posts\/90542\/revisions\/90546"}],"wp:featuredmedia":[{"embeddable":true,"href":"https:\/\/mppee.gob.ve\/index.php?rest_route=\/wp\/v2\/media\/90543"}],"wp:attachment":[{"href":"https:\/\/mppee.gob.ve\/index.php?rest_route=%2Fwp%2Fv2%2Fmedia&parent=90542"}],"wp:term":[{"taxonomy":"category","embeddable":true,"href":"https:\/\/mppee.gob.ve\/index.php?rest_route=%2Fwp%2Fv2%2Fcategories&post=90542"},{"taxonomy":"post_tag","embeddable":true,"href":"https:\/\/mppee.gob.ve\/index.php?rest_route=%2Fwp%2Fv2%2Ftags&post=90542"}],"curies":[{"name":"wp","href":"https:\/\/api.w.org\/{rel}","templated":true}]}}