{"id":90551,"date":"2024-05-27T22:34:19","date_gmt":"2024-05-27T22:34:19","guid":{"rendered":"http:\/\/mppee.gob.ve\/?p=90551"},"modified":"2024-05-27T22:34:21","modified_gmt":"2024-05-27T22:34:21","slug":"ampliacion-en-la-subestacion-electrica-el-ujano-beneficia-a-mas-30-mil-familias-en-lara","status":"publish","type":"post","link":"https:\/\/mppee.gob.ve\/?p=90551","title":{"rendered":"Ampliaci\u00f3n en la Subestaci\u00f3n El\u00e9ctrica El Ujano beneficia a m\u00e1s 30 mil familias en Lara"},"content":{"rendered":"\n<p><strong>Barquisimeto, estado Lara.<\/strong>&#8211; En el contexto de Plan de Supervisi\u00f3n de las Instalaciones del Sistema El\u00e9ctrico Nacional (SEN), el ministro del Poder Popular para Energ\u00eda El\u00e9ctrica, Jorge M\u00e1rquez, visit\u00f3 este lunes las subestaciones el\u00e9ctricas: El Ujano, El Manzano, Palavecino y el Complejo de Generaci\u00f3n Argimiro Gabald\u00f3n en el estado Lara.<\/p>\n\n\n\n<p>Acompa\u00f1ado del presidente de la Corporaci\u00f3n El\u00e9ctrica Nacional (Corpoelec), Jos\u00e9 Luis Betancourt, inspeccion\u00f3 la ampliaci\u00f3n del P\u00f3rtico de 24\u202fkV de la Subestaci\u00f3n El\u00e9ctrica El Ujano, la cual permiti\u00f3 la puesta en funcionamiento de dos nuevos circuitos para beneficio de m\u00e1s 30 mil familias de las parroquias Cuj\u00ed, Tamaca, Santa Rosa y Catedral del municipio Iribarren.<\/p>\n\n\n\n<p>Asimismo, el tambi\u00e9n vicepresidente Sectorial de Obras P\u00fablicas y Servicios constat\u00f3 la operatividad de las infraestructuras el\u00e9ctricas y las labores que desarrolla la fuerza trabajadora de la Estatal el\u00e9ctrica a fin de garantizar un eficiente servicio a la poblaci\u00f3n crepuscular y seguir avanzando hacia la consolidaci\u00f3n de Sistema El\u00e9ctrico Nacional.<\/p>\n\n\n\n<p>Acompa\u00f1aron al Ministro en el recorrido Luis Gerardo Pe\u00f1a Quevedo, gerente territorial de Corpoelec del estado Lara, el secretario de obras p\u00fablicas, servicios y viviendas, Omar Rond\u00f3n y dem\u00e1s l\u00edderes de las l\u00edneas operativas.<\/p>\n\n\n\n<p><strong>Prensa MPPEE-Corpoelec\/Venancio L\u00f3pez Mart\u00ednez<\/strong><\/p>\n","protected":false},"excerpt":{"rendered":"<p>Barquisimeto, estado Lara.&#8211; En el contexto de Plan de Supervisi\u00f3n de las Instalaciones del Sistema El\u00e9ctrico Nacional (SEN), el ministro<\/p>\n","protected":false},"author":22,"featured_media":90552,"comment_status":"closed","ping_status":"closed","sticky":false,"template":"","format":"standard","meta":{"footnotes":""},"categories":[1,30,7],"tags":[11],"class_list":["post-90551","post","type-post","status-publish","format-standard","has-post-thumbnail","hentry","category-mppee","category-regionales","category-sen","tag-mppee"],"_links":{"self":[{"href":"https:\/\/mppee.gob.ve\/index.php?rest_route=\/wp\/v2\/posts\/90551","targetHints":{"allow":["GET"]}}],"collection":[{"href":"https:\/\/mppee.gob.ve\/index.php?rest_route=\/wp\/v2\/posts"}],"about":[{"href":"https:\/\/mppee.gob.ve\/index.php?rest_route=\/wp\/v2\/types\/post"}],"author":[{"embeddable":true,"href":"https:\/\/mppee.gob.ve\/index.php?rest_route=\/wp\/v2\/users\/22"}],"replies":[{"embeddable":true,"href":"https:\/\/mppee.gob.ve\/index.php?rest_route=%2Fwp%2Fv2%2Fcomments&post=90551"}],"version-history":[{"count":1,"href":"https:\/\/mppee.gob.ve\/index.php?rest_route=\/wp\/v2\/posts\/90551\/revisions"}],"predecessor-version":[{"id":90553,"href":"https:\/\/mppee.gob.ve\/index.php?rest_route=\/wp\/v2\/posts\/90551\/revisions\/90553"}],"wp:featuredmedia":[{"embeddable":true,"href":"https:\/\/mppee.gob.ve\/index.php?rest_route=\/wp\/v2\/media\/90552"}],"wp:attachment":[{"href":"https:\/\/mppee.gob.ve\/index.php?rest_route=%2Fwp%2Fv2%2Fmedia&parent=90551"}],"wp:term":[{"taxonomy":"category","embeddable":true,"href":"https:\/\/mppee.gob.ve\/index.php?rest_route=%2Fwp%2Fv2%2Fcategories&post=90551"},{"taxonomy":"post_tag","embeddable":true,"href":"https:\/\/mppee.gob.ve\/index.php?rest_route=%2Fwp%2Fv2%2Ftags&post=90551"}],"curies":[{"name":"wp","href":"https:\/\/api.w.org\/{rel}","templated":true}]}}