{"id":90554,"date":"2024-05-27T23:21:52","date_gmt":"2024-05-27T23:21:52","guid":{"rendered":"http:\/\/mppee.gob.ve\/?p=90554"},"modified":"2024-05-27T23:21:54","modified_gmt":"2024-05-27T23:21:54","slug":"mppee-invita-a-la-autogeneracion-y-ahorro-energetico-a-empresarios-larenses","status":"publish","type":"post","link":"https:\/\/mppee.gob.ve\/?p=90554","title":{"rendered":"MPPEE invita a la autogeneraci\u00f3n y ahorro energ\u00e9tico a empresarios larenses"},"content":{"rendered":"\n<p><strong>Barquisimeto, estado Lara.-<\/strong> El ministro del Poder Popular para la Energ\u00eda El\u00e9ctrica, Jorge M\u00e1rquez, invit\u00f3 este lunes a industriales y comerciantes del estado Lara a sumarse al Plan de Autogeneraci\u00f3n de Energ\u00eda, que impulsa la Corporaci\u00f3n El\u00e9ctrica Nacional S.A. (Corpoelec), para promover el uso racional.<\/p>\n\n\n\n<p>La autogeneraci\u00f3n del parque industrial y comercial en las franjas pico, constituye una estrategia determinante para avanzar mediante el ahorro energ\u00e9tico, en la consolidaci\u00f3n del Sistema.<\/p>\n\n\n\n<p>En ese mismo orden, el tambi\u00e9n Vicepresidente de Obras P\u00fablicas y Servicios, inst\u00f3 a contribuir con el ahorro energ\u00e9tico a trav\u00e9s de la implementaci\u00f3n de estrategias dirigidas a fomentar el uso eficiente del recurso.<\/p>\n\n\n\n<p>El llamado lo realiz\u00f3 M\u00e1rquez durante una reuni\u00f3n con industriales y comerciantes del estado Lara cuya Demanda Asignada Contratada (DAC) es mayor o igual a 1000 kVA.<\/p>\n\n\n\n<p><strong>Prensa MPPEE\/Karla Cotoret<\/strong><\/p>\n","protected":false},"excerpt":{"rendered":"<p>Barquisimeto, estado Lara.- El ministro del Poder Popular para la Energ\u00eda El\u00e9ctrica, Jorge M\u00e1rquez, invit\u00f3 este lunes a industriales y<\/p>\n","protected":false},"author":22,"featured_media":90555,"comment_status":"closed","ping_status":"closed","sticky":false,"template":"","format":"standard","meta":{"footnotes":""},"categories":[1,30,8],"tags":[11],"class_list":["post-90554","post","type-post","status-publish","format-standard","has-post-thumbnail","hentry","category-mppee","category-regionales","category-uso-eficiente-de-la-energia","tag-mppee"],"_links":{"self":[{"href":"https:\/\/mppee.gob.ve\/index.php?rest_route=\/wp\/v2\/posts\/90554","targetHints":{"allow":["GET"]}}],"collection":[{"href":"https:\/\/mppee.gob.ve\/index.php?rest_route=\/wp\/v2\/posts"}],"about":[{"href":"https:\/\/mppee.gob.ve\/index.php?rest_route=\/wp\/v2\/types\/post"}],"author":[{"embeddable":true,"href":"https:\/\/mppee.gob.ve\/index.php?rest_route=\/wp\/v2\/users\/22"}],"replies":[{"embeddable":true,"href":"https:\/\/mppee.gob.ve\/index.php?rest_route=%2Fwp%2Fv2%2Fcomments&post=90554"}],"version-history":[{"count":1,"href":"https:\/\/mppee.gob.ve\/index.php?rest_route=\/wp\/v2\/posts\/90554\/revisions"}],"predecessor-version":[{"id":90556,"href":"https:\/\/mppee.gob.ve\/index.php?rest_route=\/wp\/v2\/posts\/90554\/revisions\/90556"}],"wp:featuredmedia":[{"embeddable":true,"href":"https:\/\/mppee.gob.ve\/index.php?rest_route=\/wp\/v2\/media\/90555"}],"wp:attachment":[{"href":"https:\/\/mppee.gob.ve\/index.php?rest_route=%2Fwp%2Fv2%2Fmedia&parent=90554"}],"wp:term":[{"taxonomy":"category","embeddable":true,"href":"https:\/\/mppee.gob.ve\/index.php?rest_route=%2Fwp%2Fv2%2Fcategories&post=90554"},{"taxonomy":"post_tag","embeddable":true,"href":"https:\/\/mppee.gob.ve\/index.php?rest_route=%2Fwp%2Fv2%2Ftags&post=90554"}],"curies":[{"name":"wp","href":"https:\/\/api.w.org\/{rel}","templated":true}]}}