{"id":90558,"date":"2024-05-28T00:17:29","date_gmt":"2024-05-28T00:17:29","guid":{"rendered":"http:\/\/mppee.gob.ve\/?p=90558"},"modified":"2024-05-28T00:18:30","modified_gmt":"2024-05-28T00:18:30","slug":"evaluan-estrategias-para-optimizar-servicios-publicos-en-el-pais","status":"publish","type":"post","link":"https:\/\/mppee.gob.ve\/?p=90558","title":{"rendered":"Eval\u00faan estrategias para optimizar servicios p\u00fablicos en el pa\u00eds"},"content":{"rendered":"\n<p><strong>Caracas, Distrito Capital.-<\/strong> El vicepresidente Sectorial de Obras P\u00fablicas y Servicios, Jorge M\u00e1rquez, evalu\u00f3, junto a ministros y organismos adscritos a la dependencia gubernamental que dirige, el plan para optimizar los diversos servicios p\u00fablicos en el pa\u00eds. <\/p>\n\n\n\n<p>Durante la reuni\u00f3n se hizo un balance del Sistema 1\u00d710 Buen Gobierno, m\u00e9todo que ha servido para cumplir con el mejoramiento de los servicios p\u00fablicos en toda la geograf\u00eda venezolana, gracias a las peticiones formuladas por la ciudadan\u00eda con la plataforma VenApp.<\/p>\n\n\n\n<p>M\u00e1s temprano, el tambi\u00e9n Ministro del Poder Popular para Energ\u00eda El\u00e9ctrica visit\u00f3 las subestaciones el\u00e9ctricas: El Ujano, El Manzano, Palavecino y el Complejo de Generaci\u00f3n Argimiro Gabald\u00f3n en el estado Lara, esto como parte del Plan de Supervisi\u00f3n de las Instalaciones del Sistema El\u00e9ctrico Nacional (SEN).<\/p>\n\n\n\n<p><strong>Prensa MPPEE\/Karla Cotoret<\/strong><\/p>\n","protected":false},"excerpt":{"rendered":"<p>Caracas, Distrito Capital.- El vicepresidente Sectorial de Obras P\u00fablicas y Servicios, Jorge M\u00e1rquez, evalu\u00f3, junto a ministros y organismos adscritos<\/p>\n","protected":false},"author":22,"featured_media":90559,"comment_status":"closed","ping_status":"closed","sticky":false,"template":"","format":"standard","meta":{"footnotes":""},"categories":[15],"tags":[111],"class_list":["post-90558","post","type-post","status-publish","format-standard","has-post-thumbnail","hentry","category-nacionales","tag-caracas"],"_links":{"self":[{"href":"https:\/\/mppee.gob.ve\/index.php?rest_route=\/wp\/v2\/posts\/90558","targetHints":{"allow":["GET"]}}],"collection":[{"href":"https:\/\/mppee.gob.ve\/index.php?rest_route=\/wp\/v2\/posts"}],"about":[{"href":"https:\/\/mppee.gob.ve\/index.php?rest_route=\/wp\/v2\/types\/post"}],"author":[{"embeddable":true,"href":"https:\/\/mppee.gob.ve\/index.php?rest_route=\/wp\/v2\/users\/22"}],"replies":[{"embeddable":true,"href":"https:\/\/mppee.gob.ve\/index.php?rest_route=%2Fwp%2Fv2%2Fcomments&post=90558"}],"version-history":[{"count":2,"href":"https:\/\/mppee.gob.ve\/index.php?rest_route=\/wp\/v2\/posts\/90558\/revisions"}],"predecessor-version":[{"id":90561,"href":"https:\/\/mppee.gob.ve\/index.php?rest_route=\/wp\/v2\/posts\/90558\/revisions\/90561"}],"wp:featuredmedia":[{"embeddable":true,"href":"https:\/\/mppee.gob.ve\/index.php?rest_route=\/wp\/v2\/media\/90559"}],"wp:attachment":[{"href":"https:\/\/mppee.gob.ve\/index.php?rest_route=%2Fwp%2Fv2%2Fmedia&parent=90558"}],"wp:term":[{"taxonomy":"category","embeddable":true,"href":"https:\/\/mppee.gob.ve\/index.php?rest_route=%2Fwp%2Fv2%2Fcategories&post=90558"},{"taxonomy":"post_tag","embeddable":true,"href":"https:\/\/mppee.gob.ve\/index.php?rest_route=%2Fwp%2Fv2%2Ftags&post=90558"}],"curies":[{"name":"wp","href":"https:\/\/api.w.org\/{rel}","templated":true}]}}